{"id":6918,"date":"2022-04-05T11:51:12","date_gmt":"2022-04-05T09:51:12","guid":{"rendered":"https:\/\/woblink.com\/blog\/?p=6918"},"modified":"2022-04-05T14:34:13","modified_gmt":"2022-04-05T12:34:13","slug":"lista-bestsellerow-ksiegarn-kameralnych-marzec-2022","status":"publish","type":"post","link":"https:\/\/woblink.com\/blog\/lista-bestsellerow-ksiegarn-kameralnych-marzec-2022\/","title":{"rendered":"Lista Bestseller\u00f3w Ksi\u0119gar\u0144 Kameralnych \u2013 marzec 2022"},"content":{"rendered":"<p><strong>Ksi\u0119garze i ksi\u0119garki z kameralnych ksi\u0119garni postanowili po\u0142\u0105czy\u0107 si\u0142y, \u017ceby przedstawi\u0107 ksi\u0105\u017cki, kt\u00f3re najlepiej si\u0119 u nich sprzedaj\u0105. W wyniku wsp\u00f3\u0142pracy powsta\u0142a pierwsza \u201eLista Bestseller\u00f3w Ksi\u0119gar\u0144 Kameralnych\u201d. Pierwsze notowanie pokazuje bestsellery marca \u2013 kolejne zestawienia b\u0119d\u0105 ukazywa\u0142y si\u0119 w ka\u017cdy pierwszy poniedzia\u0142ek miesi\u0105ca.<\/strong><\/p>\n<p><!--more--><\/p>\n<h2 style=\"text-align: left;\"><strong>Lista Bestseller\u00f3w Ksi\u0119gar\u0144 Kameralnych \u2013 marzec 2022<\/strong><\/h2>\n<p>Lista bestseller\u00f3w ksi\u0119gar\u0144 kameralnych (marzec 2022) powsta\u0142a w wyniku zestawienia sprzeda\u017c detalicznej w ksi\u0119garniach z r\u00f3\u017cnych cz\u0119\u015bci Polski. W pierwszym zestawieniu brano pod uwag\u0119 sprzeda\u017c z nast\u0119puj\u0105cych ksi\u0119garni: <a href=\"https:\/\/www.facebook.com\/kafkaispolka\/?__cft__%5b0%5d=AZVnt-ti8bTI_gHT3S0mkqzJ--AG-AdMiaTYucBbWsEICOlcxI-SdavWoZ8YNqbEQiEv6MI4-aOQSXmjFCGApemTBc9dWzL44UkvESqHaQsRhKxZ8u0vPVqalHZSr2sNJegzNXxEhMEn4RcxQijQmxDOGLh3WNHx3Q54GN6M5r1ZIlwu1R3YcArCmXP2OQE2px9eUJZovVN7jjLikf70aX13&amp;__tn__=kK-y-R\">Ksi\u0119garnia Kafka i sp\u00f3\u0142ka<\/a>,\u00a0<a href=\"https:\/\/www.facebook.com\/KsiegarniaBrzegDolny\/?__cft__%5b0%5d=AZVnt-ti8bTI_gHT3S0mkqzJ--AG-AdMiaTYucBbWsEICOlcxI-SdavWoZ8YNqbEQiEv6MI4-aOQSXmjFCGApemTBc9dWzL44UkvESqHaQsRhKxZ8u0vPVqalHZSr2sNJegzNXxEhMEn4RcxQijQmxDOGLh3WNHx3Q54GN6M5r1ZIlwu1R3YcArCmXP2OQE2px9eUJZovVN7jjLikf70aX13&amp;__tn__=kK-y-R\">Ksi\u0119garnia Stanis\u0142awa Skrzy\u0144ska<\/a>,\u00a0<a href=\"https:\/\/www.facebook.com\/ksiegarniadodziela\/?__cft__%5b0%5d=AZVnt-ti8bTI_gHT3S0mkqzJ--AG-AdMiaTYucBbWsEICOlcxI-SdavWoZ8YNqbEQiEv6MI4-aOQSXmjFCGApemTBc9dWzL44UkvESqHaQsRhKxZ8u0vPVqalHZSr2sNJegzNXxEhMEn4RcxQijQmxDOGLh3WNHx3Q54GN6M5r1ZIlwu1R3YcArCmXP2OQE2px9eUJZovVN7jjLikf70aX13&amp;__tn__=kK-y-R\">Ksi\u0119garnia Do Dzie\u0142a<\/a>,\u00a0<a href=\"https:\/\/www.facebook.com\/KsiegarniaSkladGlowny\/?__cft__%5b0%5d=AZVnt-ti8bTI_gHT3S0mkqzJ--AG-AdMiaTYucBbWsEICOlcxI-SdavWoZ8YNqbEQiEv6MI4-aOQSXmjFCGApemTBc9dWzL44UkvESqHaQsRhKxZ8u0vPVqalHZSr2sNJegzNXxEhMEn4RcxQijQmxDOGLh3WNHx3Q54GN6M5r1ZIlwu1R3YcArCmXP2OQE2px9eUJZovVN7jjLikf70aX13&amp;__tn__=kK-y-R\">Ksi\u0119garnia Sk\u0142ad G\u0142\u00f3wny<\/a>,\u00a0<a href=\"https:\/\/www.facebook.com\/nowaksiegarnia\/?__cft__%5b0%5d=AZVnt-ti8bTI_gHT3S0mkqzJ--AG-AdMiaTYucBbWsEICOlcxI-SdavWoZ8YNqbEQiEv6MI4-aOQSXmjFCGApemTBc9dWzL44UkvESqHaQsRhKxZ8u0vPVqalHZSr2sNJegzNXxEhMEn4RcxQijQmxDOGLh3WNHx3Q54GN6M5r1ZIlwu1R3YcArCmXP2OQE2px9eUJZovVN7jjLikf70aX13&amp;__tn__=kK-y-R\">Nowa Ksi\u0119garnia<\/a>,\u00a0<a href=\"https:\/\/www.facebook.com\/ksiegarniasmakslowa\/?__cft__%5b0%5d=AZVnt-ti8bTI_gHT3S0mkqzJ--AG-AdMiaTYucBbWsEICOlcxI-SdavWoZ8YNqbEQiEv6MI4-aOQSXmjFCGApemTBc9dWzL44UkvESqHaQsRhKxZ8u0vPVqalHZSr2sNJegzNXxEhMEn4RcxQijQmxDOGLh3WNHx3Q54GN6M5r1ZIlwu1R3YcArCmXP2OQE2px9eUJZovVN7jjLikf70aX13&amp;__tn__=kK-y-R\">Ksi\u0119garnia Smak S\u0142owa<\/a>,\u00a0<a href=\"https:\/\/www.facebook.com\/Firmin-Ksi%C4%99garnia-na-Lawendowej-282870985165654\/?__cft__%5b0%5d=AZVnt-ti8bTI_gHT3S0mkqzJ--AG-AdMiaTYucBbWsEICOlcxI-SdavWoZ8YNqbEQiEv6MI4-aOQSXmjFCGApemTBc9dWzL44UkvESqHaQsRhKxZ8u0vPVqalHZSr2sNJegzNXxEhMEn4RcxQijQmxDOGLh3WNHx3Q54GN6M5r1ZIlwu1R3YcArCmXP2OQE2px9eUJZovVN7jjLikf70aX13&amp;__tn__=kK-y-R\">Firmin Ksi\u0119garnia na Lawendowej<\/a>,\u00a0<a href=\"https:\/\/www.facebook.com\/ksiegarnia.makama\/?__cft__%5b0%5d=AZVnt-ti8bTI_gHT3S0mkqzJ--AG-AdMiaTYucBbWsEICOlcxI-SdavWoZ8YNqbEQiEv6MI4-aOQSXmjFCGApemTBc9dWzL44UkvESqHaQsRhKxZ8u0vPVqalHZSr2sNJegzNXxEhMEn4RcxQijQmxDOGLh3WNHx3Q54GN6M5r1ZIlwu1R3YcArCmXP2OQE2px9eUJZovVN7jjLikf70aX13&amp;__tn__=kK-y-R\">Ksi\u0119garnia Makama<\/a>,\u00a0<a href=\"https:\/\/www.facebook.com\/muzycznapasja\/?__cft__%5b0%5d=AZVnt-ti8bTI_gHT3S0mkqzJ--AG-AdMiaTYucBbWsEICOlcxI-SdavWoZ8YNqbEQiEv6MI4-aOQSXmjFCGApemTBc9dWzL44UkvESqHaQsRhKxZ8u0vPVqalHZSr2sNJegzNXxEhMEn4RcxQijQmxDOGLh3WNHx3Q54GN6M5r1ZIlwu1R3YcArCmXP2OQE2px9eUJZovVN7jjLikf70aX13&amp;__tn__=kK-y-R\">Ksi\u0119garnia Muzyczna Pasja<\/a>,\u00a0<a href=\"https:\/\/www.facebook.com\/najlepszaksiegarnia\/?__cft__%5b0%5d=AZVnt-ti8bTI_gHT3S0mkqzJ--AG-AdMiaTYucBbWsEICOlcxI-SdavWoZ8YNqbEQiEv6MI4-aOQSXmjFCGApemTBc9dWzL44UkvESqHaQsRhKxZ8u0vPVqalHZSr2sNJegzNXxEhMEn4RcxQijQmxDOGLh3WNHx3Q54GN6M5r1ZIlwu1R3YcArCmXP2OQE2px9eUJZovVN7jjLikf70aX13&amp;__tn__=kK-y-R\">Najlepsza Ksi\u0119garnia<\/a>,\u00a0<a href=\"https:\/\/www.facebook.com\/ksiegarniatoniebajka\/?__cft__%5b0%5d=AZVnt-ti8bTI_gHT3S0mkqzJ--AG-AdMiaTYucBbWsEICOlcxI-SdavWoZ8YNqbEQiEv6MI4-aOQSXmjFCGApemTBc9dWzL44UkvESqHaQsRhKxZ8u0vPVqalHZSr2sNJegzNXxEhMEn4RcxQijQmxDOGLh3WNHx3Q54GN6M5r1ZIlwu1R3YcArCmXP2OQE2px9eUJZovVN7jjLikf70aX13&amp;__tn__=kK-y-R\">Toniebajka. Ksi\u0119garnia dla wszystkich<\/a>. Kolejne kameralne ksi\u0119garnie wykaza\u0142y ch\u0119\u0107 udzia\u0142u w kolejnych edycjach zestawienia.<\/p>\n<blockquote><p>\u201eMamy nadziej\u0119, \u017ce nasza propozycja b\u0119dzie wa\u017cnym i interesuj\u0105cym drogowskazem dla czytelnik\u00f3w\u201d<\/p><\/blockquote>\n<p style=\"text-align: right;\">\u2013 wskazuj\u0105 ksi\u0119garze.<\/p>\n<h3 style=\"text-align: center;\">Lista Bestseller\u00f3w Ksi\u0119gar\u0144 Kameralnych za marzec 2022<\/h3>\n<ol>\n<li>\n<h4>Planeta Pio\u0142un \u2013 Oksana Zabu\u017cko, t\u0142um. Katarzyn Koty\u0144ska, Joanna Majewska, Anna \u0141azar, wydawnictwo Agora<\/h4>\n<p>Opis wydawcy: \u015awiat zmienia si\u0119, przekraczaj\u0105c jak\u0105\u015b fataln\u0105 granic\u0119 pisze Oksana Zabu\u017cko, patrz\u0105c na Europ\u0119 trawion\u0105 toksycznymi populizmami i opadaj\u0105c\u0105 w intelektualn\u0105 przepa\u015b\u0107. W podzielonym \u015bwiecie baniek informacyjnych jej eseje zdaj\u0105 si\u0119 kierowa\u0107 czytelnika w stron\u0119 ocalenia, kt\u00f3rym dla autorki jest szeroko poj\u0119ta kultura, a przede wszystkim kultura uwa\u017cnego czytania. W swoich arcyciekawych, wielowarstwowych esejach daje przyk\u0142ad g\u0142\u0119bokiej lektury, zwracaj\u0105c si\u0119 w stron\u0119 wa\u017cnych dla siebie autor\u00f3w, kt\u00f3rych \u015bwiaty usi\u0142uje ochroni\u0107 przed niezrozumieniem. Z zaanga\u017cowaniem przygl\u0105da si\u0119 obecnej Ukrainie, podejmuj\u0105c jednocze\u015bnie dialog z innymi kulturami. T\u0142umaczy <em>Czarnobylsk\u0105 modlitw\u0119<\/em> Swiet\u0142any Aleksijewicz, \u017cegna si\u0119 z Josifem Brodskim, ogl\u0105da nowy film Larsa von Triera i rozmawia z czytelnikami swoich utwor\u00f3w za granic\u0105. Planeta pio\u0142un jest tak\u017ce listem mi\u0142osnym pisarki do Polski adresowanym do opatrzno\u015bciowego polskiego wsp\u00f3\u0142rozm\u00f3wcy.<\/p>\n<p><figure id=\"attachment_6919\" aria-describedby=\"caption-attachment-6919\" style=\"width: 195px\" class=\"wp-caption aligncenter\"><a href=\"https:\/\/woblink.com\/ksiazka\/planeta-piolun-oksana-zabuzko-238517\"><img decoding=\"async\" loading=\"lazy\" class=\"wp-image-6919 size-medium\" src=\"https:\/\/i0.wp.com\/woblink.com\/blog\/wp-content\/uploads\/61fcd92b4e1db.jpeg?resize=195%2C300&#038;ssl=1\" alt=\"oksana zabu\u017cko \" width=\"195\" height=\"300\" srcset=\"https:\/\/i0.wp.com\/woblink.com\/blog\/wp-content\/uploads\/61fcd92b4e1db.jpeg?resize=195%2C300&amp;ssl=1 195w, https:\/\/i0.wp.com\/woblink.com\/blog\/wp-content\/uploads\/61fcd92b4e1db.jpeg?w=500&amp;ssl=1 500w\" sizes=\"(max-width: 195px) 100vw, 195px\" data-recalc-dims=\"1\" \/><\/a><figcaption id=\"caption-attachment-6919\" class=\"wp-caption-text\"><center><strong>Kup <a href=\"https:\/\/woblink.com\/ksiazka\/planeta-piolun-oksana-zabuzko-238517\">ksi\u0105\u017ck\u0119 papierow\u0105<\/a> na Woblink.com<\/strong><\/center><\/figcaption><\/figure><\/li>\n<li>\n<h4>Kicia Kocia. Co zasiejemy w ogr\u00f3dku \u2013 Anita G\u0142owi\u0144ska, Media Rodzina<\/h4>\n<p>Opis wydawcy: Kicia Kocia jest bardzo przej\u0119ta. Razem z kole\u017cankami i kolegami z przedszkola zak\u0142ada prawdziwy ogr\u00f3dek. Dzieci same proponuj\u0105, jakie warzywa zasia\u0107 na poszczeg\u00f3lnych grz\u0105dkach. Zaczynaj\u0105 rozumie\u0107, jakie to wa\u017cne, m\u00f3c samodzielnie wybiera\u0107, a tym samym mie\u0107 na co\u015b wp\u0142yw.<\/p>\n<p><figure id=\"attachment_6920\" aria-describedby=\"caption-attachment-6920\" style=\"width: 300px\" class=\"wp-caption aligncenter\"><a href=\"https:\/\/woblink.com\/ksiazka\/kicia-kocia-co-zasiejemy-w-ogr-odku-anita-glowi-nska-235582\"><img decoding=\"async\" loading=\"lazy\" class=\"wp-image-6920 size-medium\" src=\"https:\/\/i0.wp.com\/woblink.com\/blog\/wp-content\/uploads\/61fbd9e681060.jpeg?resize=300%2C300&#038;ssl=1\" alt=\"kicia kocia bestsellery ksi\u0119gar\u0144 kameralnych g\u0142owi\u0144ska marzec 2022\" width=\"300\" height=\"300\" srcset=\"https:\/\/i0.wp.com\/woblink.com\/blog\/wp-content\/uploads\/61fbd9e681060.jpeg?resize=300%2C300&amp;ssl=1 300w, https:\/\/i0.wp.com\/woblink.com\/blog\/wp-content\/uploads\/61fbd9e681060.jpeg?resize=150%2C150&amp;ssl=1 150w, https:\/\/i0.wp.com\/woblink.com\/blog\/wp-content\/uploads\/61fbd9e681060.jpeg?resize=100%2C100&amp;ssl=1 100w, https:\/\/i0.wp.com\/woblink.com\/blog\/wp-content\/uploads\/61fbd9e681060.jpeg?w=500&amp;ssl=1 500w\" sizes=\"(max-width: 300px) 100vw, 300px\" data-recalc-dims=\"1\" \/><\/a><figcaption id=\"caption-attachment-6920\" class=\"wp-caption-text\"><center><strong>Kup <a href=\"https:\/\/woblink.com\/ksiazka\/kicia-kocia-co-zasiejemy-w-ogr-odku-anita-glowi-nska-235582\">ksi\u0105\u017ck\u0119 papierow\u0105<\/a> na Woblink.com<\/strong><\/center><\/figcaption><\/figure><\/li>\n<li>\n<h4><strong>Gdzie jeste\u015b, pi\u0119kny \u015bwiecie \u2013 Sally Rooney, t\u0142um. Jerzy Koz\u0142owski, wydawnictwo W.A.B.<br \/>\n<\/strong><\/h4>\n<p>Opis wydawcy: Alice, pisarka, poznaje Felixa, pracownika magazynu wysy\u0142kowego, i proponuje mu wsp\u00f3ln\u0105 podr\u00f3\u017c do Rzymu. W Dublinie jej najlepsza przyjaci\u00f3\u0142ka Eileen pr\u00f3buje doj\u015b\u0107 do siebie po rozstaniu z partnerem i zaczyna flirtowa\u0107 z Simonem, m\u0119\u017cczyzn\u0105, kt\u00f3rego zna z dzieci\u0144stwa.<\/p>\n<p>Alice, Felix, Eileen i Simon s\u0105 jeszcze m\u0142odzi \u2013 ale \u017cycie ju\u017c daje si\u0119 im we znaki. Po\u017c\u0105daj\u0105 si\u0119, zwodz\u0105, spotykaj\u0105 i rozstaj\u0105. Uprawiaj\u0105 seks, martwi\u0105 si\u0119 o seks, martwi\u0105 si\u0119 o swoje przyja\u017anie i \u015bwiat, w kt\u00f3rym \u017cyj\u0105. Stoj\u0105 w ostatnim o\u015bwietlonym pokoju przed mrokiem i s\u0105 \u015bwiadkami ko\u0144ca? B\u0119d\u0105 potrafili uwierzy\u0107 w istnienie pi\u0119knego \u015bwiata?<\/p>\n<p><figure id=\"attachment_6922\" aria-describedby=\"caption-attachment-6922\" style=\"width: 200px\" class=\"wp-caption aligncenter\"><a href=\"https:\/\/woblink.com\/ksiazka\/gdzie-jeste-s-piekny-swiecie-rooney-sally-238576\"><img decoding=\"async\" loading=\"lazy\" class=\"wp-image-6922 size-medium\" src=\"https:\/\/i0.wp.com\/woblink.com\/blog\/wp-content\/uploads\/61fcd98be3c14.jpeg?resize=200%2C300&#038;ssl=1\" alt=\"gdzie jeste\u015b pi\u0119kny \u015bwiecie lista bestseller\u00f3w ksi\u0119gar\u0144 kameralnych\" width=\"200\" height=\"300\" srcset=\"https:\/\/i0.wp.com\/woblink.com\/blog\/wp-content\/uploads\/61fcd98be3c14.jpeg?resize=200%2C300&amp;ssl=1 200w, https:\/\/i0.wp.com\/woblink.com\/blog\/wp-content\/uploads\/61fcd98be3c14.jpeg?w=500&amp;ssl=1 500w\" sizes=\"(max-width: 200px) 100vw, 200px\" data-recalc-dims=\"1\" \/><\/a><figcaption id=\"caption-attachment-6922\" class=\"wp-caption-text\"><center><strong>Kup <a href=\"https:\/\/woblink.com\/ksiazka\/gdzie-jeste-s-piekny-swiecie-rooney-sally-238576\">ksi\u0105\u017ck\u0119 papierow\u0105<\/a> na Woblink.com<\/strong><\/center><\/figcaption><\/figure><\/li>\n<li>\n<h4>Schron przeciwczasowy \u2013 Georgi Gospodinow, t\u0142um. Magdalena Pytlak, Wydawnictwo Literackie<\/h4>\n<p>Opis wydawcy: Nowa powie\u015b\u0107 jednego z najg\u0142o\u015bniejszych pisarzy europejskich, laureata Nagrody Angelusa. Sentymentalna podr\u00f3\u017c, w kt\u00f3rej przesz\u0142o\u015b\u0107 staje si\u0119 remedium na problemy tera\u017aniejszo\u015bci. Gaustyn, osobliwy i niestrudzony wynalazca, w\u0119druje w czasie. Swoj\u0105 ide\u0119 niesienia innym pomocy realizuje w wyj\u0105tkowej klinice przesz\u0142o\u015bci w Szwajcarii, kt\u00f3r\u0105 zak\u0142ada dla os\u00f3b cierpi\u0105cych na chorob\u0119 Alzheimera. Pacjenci mog\u0105 wybiera\u0107 spo\u015br\u00f3d wszystkich minionych dekad XX wieku, by odnale\u017a\u0107 swoj\u0105 bezpieczn\u0105 przestrze\u0144. Wkr\u00f3tce oferowana przez Gaustyna kuracja przyci\u0105ga nie tylko chorych, ale tak\u017ce wszystkich tych, kt\u00f3rzy chcieliby powr\u00f3ci\u0107 do szcz\u0119\u015bliwych chwil. Klinika odblokowuje ich wspomnienia, przywracaj\u0105c czas, w kt\u00f3rym czuli spok\u00f3j i spe\u0142nienie. Jednocze\u015bnie europejscy przyw\u00f3dcy, chc\u0105c ratowa\u0107 przysz\u0142o\u015b\u0107 \u015bwiata, organizuj\u0105 ponadnarodowe referendum w sprawie wyboru\u2026 wsp\u00f3lnej przesz\u0142o\u015bci.<\/p>\n<p><figure id=\"attachment_6923\" aria-describedby=\"caption-attachment-6923\" style=\"width: 191px\" class=\"wp-caption aligncenter\"><a href=\"https:\/\/woblink.com\/ebook\/schron-przeciwczasowy-georgi-gospodinow-235097u\"><img decoding=\"async\" loading=\"lazy\" class=\"wp-image-6923 size-medium\" src=\"https:\/\/i0.wp.com\/woblink.com\/blog\/wp-content\/uploads\/6228812f491c3.jpeg?resize=191%2C300&#038;ssl=1\" alt=\"schron przeciwczasowy gospodinow lista ksi\u0119gar\u0144 kameralnych bestseller\u00f3w marzec 2022\" width=\"191\" height=\"300\" srcset=\"https:\/\/i0.wp.com\/woblink.com\/blog\/wp-content\/uploads\/6228812f491c3.jpeg?resize=191%2C300&amp;ssl=1 191w, https:\/\/i0.wp.com\/woblink.com\/blog\/wp-content\/uploads\/6228812f491c3.jpeg?resize=420%2C660&amp;ssl=1 420w, https:\/\/i0.wp.com\/woblink.com\/blog\/wp-content\/uploads\/6228812f491c3.jpeg?w=543&amp;ssl=1 543w\" sizes=\"(max-width: 191px) 100vw, 191px\" data-recalc-dims=\"1\" \/><\/a><figcaption id=\"caption-attachment-6923\" class=\"wp-caption-text\"><center><strong>Kup <a href=\"https:\/\/woblink.com\/ebook\/schron-przeciwczasowy-georgi-gospodinow-235097u\">ebooka<\/a> lub <a href=\"https:\/\/woblink.com\/ksiazka\/schron-przeciwczasowy-georgi-gospodinow-235390\">ksi\u0105\u017ck\u0119 papierow\u0105<\/a> na Woblink.com<\/strong><\/center><\/figcaption><\/figure><\/li>\n<li>\n<h4><strong>Wyspa kobiet \u2013 Lauren Groff, t\u0142um. Jerzy Koz\u0142owski, Wydawnictwo Pauza<\/strong><\/h4>\n<p>Opis wydawcy: Siedemnastoletnia Marie de France, uznana za niepasuj\u0105c\u0105 do dworskiego \u017cycia i nienadaj\u0105c\u0105 si\u0119 do ma\u0142\u017ce\u0144stwa, zostaje wygnana z kr\u00f3lewskiego dworu przez Eleonor\u0119 Akwita\u0144sk\u0105 i wys\u0142ana do Anglii, gdzie ma obj\u0105\u0107 stanowisko przeoryszy zubo\u017ca\u0142ego opactwa, w kt\u00f3rym zakonnice umieraj\u0105 z g\u0142odu, dziesi\u0105tkowane chorobami. Pocz\u0105tkowe zaskoczenie surowo\u015bci\u0105 nowego \u017cycia mija, gdy Marie znajduje sens i mi\u0142o\u015b\u0107 w byciu z siostrami, we wsp\u00f3lnocie. Pragnienie stworzenia rodziny, t\u0119sknota za ojczyzn\u0105 i pasje m\u0142odo\u015bci zast\u0119puje co\u015b innego \u2013 oddanie innym kobietom i wiara we w\u0142asne, boskie wizje. Marie, ostatnia z d\u0142ugiej linii wojowniczek i krzy\u017cowc\u00f3w, odwa\u017cnie postanawia wyznaczy\u0107 nowe \u015bcie\u017cki dla mniszek, kt\u00f3re teraz prowadzi i kt\u00f3rymi si\u0119 opiekuje. Jednak czy w \u015bwiecie, kt\u00f3ry w przera\u017caj\u0105cy spos\u00f3b si\u0119 zmienia, nie zauwa\u017caj\u0105c istnienia Marie, jej si\u0142a i wizja wystarcz\u0105, by co\u015b ocali\u0107?<\/p>\n<p><figure id=\"attachment_6924\" aria-describedby=\"caption-attachment-6924\" style=\"width: 210px\" class=\"wp-caption aligncenter\"><a href=\"https:\/\/woblink.com\/ebook\/wyspa-kobiet-lauren-groff-jerzy-kozlowski-agnieszka-trzeszkowska-242864u\"><img decoding=\"async\" loading=\"lazy\" class=\"wp-image-6924 size-medium\" src=\"https:\/\/i0.wp.com\/woblink.com\/blog\/wp-content\/uploads\/62285d6f655f9.jpeg?resize=210%2C300&#038;ssl=1\" alt=\"Lauren Groff wyspa kobiet pauza lista bestseller\u00f3w ksi\u0119gar\u0144 kameralnych marzec 2022\" width=\"210\" height=\"300\" srcset=\"https:\/\/i0.wp.com\/woblink.com\/blog\/wp-content\/uploads\/62285d6f655f9.jpeg?resize=210%2C300&amp;ssl=1 210w, https:\/\/i0.wp.com\/woblink.com\/blog\/wp-content\/uploads\/62285d6f655f9.jpeg?w=570&amp;ssl=1 570w\" sizes=\"(max-width: 210px) 100vw, 210px\" data-recalc-dims=\"1\" \/><\/a><figcaption id=\"caption-attachment-6924\" class=\"wp-caption-text\"><center><strong>Kup <a href=\"https:\/\/woblink.com\/ebook\/wyspa-kobiet-lauren-groff-jerzy-kozlowski-agnieszka-trzeszkowska-242864u\">ebooka<\/a> lub <a href=\"https:\/\/woblink.com\/ksiazka\/wyspa-kobiet-lauren-groff-243358\">ksi\u0105\u017ck\u0119 papierow\u0105<\/a> na Woblink.com<\/strong><\/center><\/figcaption><\/figure><\/li>\n<li>\n<h4><strong>B\u0142ony umys\u0142u \u2013 Jolanta Brach-Czaina, Dowody na Istnienie<\/strong><\/h4>\n<p>Opis wydawcy: \u201eJolanta, c\u00f3rka Ireny, wnuczka Bronis\u0142awy, prawnuczka Ludwiki\u201d \u2013 gdy na ok\u0142adce pierwszego wydania tej niezwyk\u0142ej, filozoficznej opowie\u015bci o cz\u0142owieku zamiast tradycyjnego imienia i nazwiska pojawi\u0142y si\u0119 imiona przodki\u0144 Jolanty Brach-Czainy, zapanowa\u0142y zdumienie, konsternacja i zachwyt. Dopiero odkrywali\u015bmy w Polsce herstori\u0119, a ludowa historia kobiet dopiero zaczyna\u0142a by\u0107 opowiadana. Niewiele jest ksi\u0105\u017cek r\u00f3wnie prze\u0142omowych dla polskiej filozofii i literatury jak dzie\u0142a Jolanty Brach-Czainy. Wielokrotnie cytowane i dyskutowane sta\u0142y si\u0119 kluczowe dla zrozumienia tego, kim jeste\u015bmy. W rozwa\u017caniach zebranych w B\u0142onach umys\u0142u Brach-Czaina przypomina \u2013 podobnie jak w legendarnych Szczelinach istnienia \u2013 o rytua\u0142ach, kt\u00f3re wype\u0142niaj\u0105 nasz\u0105 codzienno\u015b\u0107. Ale co wynika z faktu, \u017ce \u017cyjemy? I jak \u017cy\u0107 w \u015bwiecie, kt\u00f3ry ci\u0105gle si\u0119 przeobra\u017ca?<\/p>\n<p><figure id=\"attachment_6925\" aria-describedby=\"caption-attachment-6925\" style=\"width: 199px\" class=\"wp-caption aligncenter\"><a href=\"https:\/\/woblink.com\/ebook\/blony-umyslu-jolanta-brach-czaina-242510u\"><img decoding=\"async\" loading=\"lazy\" class=\"wp-image-6925 size-medium\" src=\"https:\/\/i0.wp.com\/woblink.com\/blog\/wp-content\/uploads\/62245a0d95887.jpeg?resize=199%2C300&#038;ssl=1\" alt=\"b\u0142ony umys\u0142u lista bestseller\u00f3w ksi\u0119gar\u0144 kameralnych 2022 marzec\" width=\"199\" height=\"300\" srcset=\"https:\/\/i0.wp.com\/woblink.com\/blog\/wp-content\/uploads\/62245a0d95887.jpeg?resize=199%2C300&amp;ssl=1 199w, https:\/\/i0.wp.com\/woblink.com\/blog\/wp-content\/uploads\/62245a0d95887.jpeg?w=500&amp;ssl=1 500w\" sizes=\"(max-width: 199px) 100vw, 199px\" data-recalc-dims=\"1\" \/><\/a><figcaption id=\"caption-attachment-6925\" class=\"wp-caption-text\"><center><strong>Kup <a href=\"https:\/\/woblink.com\/ebook\/blony-umyslu-jolanta-brach-czaina-242510u\">ebooka<\/a> lub <a href=\"https:\/\/woblink.com\/ksiazka\/blony-umyslu-jolanta-brach-czaina-243106\">ksi\u0105\u017ck\u0119 papierow\u0105<\/a> na Woblink.com<\/strong><\/center><\/figcaption><\/figure><\/li>\n<li>\n<h4><strong>W \u015brodku jeste\u015bmy ba\u015bni\u0105 \u2013 Wies\u0142aw My\u015bliwski, Wydawnictwo Znak<\/strong><\/h4>\n<p>Opis wydawcy: My\u015bliwski pozostaje we wsp\u00f3\u0142czesnej literaturze zjawiskiem wyj\u0105tkowym i zas\u0142uguj\u0105cym na najwy\u017csz\u0105 uwag\u0119. Jego powie\u015bci, pisane bez po\u015bpiechu, ignoruj\u0105ce literackie mody i rynkowe targowisko pr\u00f3\u017cno\u015bci, to w rzeczy samej pe\u0142ne m\u0105dro\u015bci i dojrza\u0142ej wiedzy o \u017cyciu traktaty, przypowie\u015bci czy \u2013 jak pisano \u2013 filozoficzne eseje, kt\u00f3re nie przestaj\u0105 r\u00f3wnocze\u015bnie by\u0107 fascynuj\u0105cymi narracjami, zach\u0119caj\u0105cymi do lektury wielokrotnej. Dla wszystkich, kt\u00f3rzy chcieliby si\u0119 dowiedzie\u0107 jak najwi\u0119cej o autorze Ucha Igielnego, o jego \u017cyciu, pisarstwie, istocie procesu tw\u00f3rczego i o tym, jak\u0105 rol\u0119 odgrywa w nim muzyka, o wa\u017cnych dla niego autorach, przemy\u015bleniach filozoficznych, a tak\u017ce o roli pami\u0119ci, pojmowaniu ludzkiego losu, relacji mi\u0119dzy przypadkiem a przeznaczeniem, poetyk\u0105 chaosu a \u017celazn\u0105 logik\u0105 konstrukcji dzie\u0142a \u2013 zbi\u00f3r ten jest lektur\u0105 obowi\u0105zkow\u0105, prawdziw\u0105 pisarsk\u0105 summ\u0105.<\/p>\n<p><figure id=\"attachment_6926\" aria-describedby=\"caption-attachment-6926\" style=\"width: 199px\" class=\"wp-caption aligncenter\"><a href=\"https:\/\/woblink.com\/ebook\/w-srodku-jeste-smy-ba-snia-mowy-i-rozmowy-wieslaw-my-sliwski-242689u\"><img decoding=\"async\" loading=\"lazy\" class=\"wp-image-6926 size-medium\" src=\"https:\/\/i0.wp.com\/woblink.com\/blog\/wp-content\/uploads\/622d25ff2936a.jpeg?resize=199%2C300&#038;ssl=1\" alt=\"my\u015bliwski lista bestseller\u00f3w ksi\u0119gar\u0144 kameralnych woblink marzec 2022\" width=\"199\" height=\"300\" srcset=\"https:\/\/i0.wp.com\/woblink.com\/blog\/wp-content\/uploads\/622d25ff2936a.jpeg?resize=199%2C300&amp;ssl=1 199w, https:\/\/i0.wp.com\/woblink.com\/blog\/wp-content\/uploads\/622d25ff2936a.jpeg?w=567&amp;ssl=1 567w\" sizes=\"(max-width: 199px) 100vw, 199px\" data-recalc-dims=\"1\" \/><\/a><figcaption id=\"caption-attachment-6926\" class=\"wp-caption-text\"><center><strong>Kup <a href=\"https:\/\/woblink.com\/ebook\/w-srodku-jeste-smy-ba-snia-mowy-i-rozmowy-wieslaw-my-sliwski-242689u\">ebooka<\/a> lub <a href=\"https:\/\/woblink.com\/ksiazka\/w-srodku-jeste-smy-ba-snia-mowy-i-rozmowy-wieslaw-my-sliwski-244375\">ksi\u0105\u017ck\u0119 papierow\u0105<\/a> na Woblink.com<\/strong><\/center><\/figcaption><\/figure><\/li>\n<li>\n<h4><strong>Cena \u2013 Anna Bikont, Wydawnictwo Czarne<\/strong><\/h4>\n<p>Opis wydawcy: Od maja 1947 do sierpnia 1948 roku Lejb Majzels, pracownik Centralnego Komitetu \u017byd\u00f3w w Polsce, wyje\u017cd\u017ca w teren dwadzie\u015bcia osiem razy w poszukiwaniu pi\u0119\u0107dziesi\u0119ciorga dwojga dzieci, kt\u00f3re prze\u017cy\u0142y Zag\u0142ad\u0119 i pozostaj\u0105 pod opiek\u0105 Polak\u00f3w. Ka\u017cdy wyjazd skrupulatnie odnotowuje: o kt\u00f3rej wyjecha\u0142, o kt\u00f3rej dotar\u0142, czy znalaz\u0142 dziecko i za ile nar\u00f3d \u017cydowski mo\u017ce je wykupi\u0107. Bo \u017cycie ka\u017cdego \u017cydowskiego dziecka ma cen\u0119.<\/p>\n<p>Siedemdziesi\u0105t lat p\u00f3\u017aniej Anna Bikont powtarza pr\u00f3b\u0119 ich odnalezienia. Pod\u0105\u017ca \u015bladem zapisk\u00f3w pozostawionych w dw\u00f3ch zeszytach \u2013 \u201eSprawozdaniach z podr\u00f3\u017cy s\u0142u\u017cbowych L. Majzelsa w sprawie poszukiwania dzieci znajduj\u0105cych si\u0119 w r\u0119kach Polak\u00f3w\u201d. Z niezwyk\u0142\u0105 dociekliwo\u015bci\u0105 szuka cho\u0107by najdrobniejszych informacji, kt\u00f3re mog\u0142yby doprowadzi\u0107 do spotkania po latach. Dokonuje niemo\u017cliwego, jednocze\u015bnie staj\u0105c przed kolejnym pot\u0119\u017cnym wyzwaniem \u2013 jak sk\u0142oni\u0107 do wspomnie\u0144 ludzi, kt\u00f3rzy uciekli od przesz\u0142o\u015bci, niekiedy na koniec \u015bwiata.<\/p>\n<p><i>Cena<\/i>\u00a0to reporterskie \u015bledztwo rzucaj\u0105ce nowe \u015bwiat\u0142o na losy dzieci po Zag\u0142adzie. Prowadzone z przenikliwo\u015bci\u0105 znakomicie oddaje niepokoj\u0105c\u0105 atmosfer\u0119 powojnia i burzy pozornie oczywist\u0105 ocen\u0119 wybor\u00f3w \u017cyciowych ocala\u0142ych.<\/p>\n<p><figure id=\"attachment_6927\" aria-describedby=\"caption-attachment-6927\" style=\"width: 201px\" class=\"wp-caption aligncenter\"><a href=\"https:\/\/woblink.com\/ebook\/cena-anna-bikont-235201u\"><img decoding=\"async\" loading=\"lazy\" class=\"wp-image-6927 size-medium\" src=\"https:\/\/i0.wp.com\/woblink.com\/blog\/wp-content\/uploads\/61da92051bb12.jpeg?resize=201%2C300&#038;ssl=1\" alt=\"anna bikont cena lista bestseller\u00f3w ksi\u0119gar\u0144 kameralnych 2022 marzec\" width=\"201\" height=\"300\" srcset=\"https:\/\/i0.wp.com\/woblink.com\/blog\/wp-content\/uploads\/61da92051bb12.jpeg?resize=201%2C300&amp;ssl=1 201w, https:\/\/i0.wp.com\/woblink.com\/blog\/wp-content\/uploads\/61da92051bb12.jpeg?w=500&amp;ssl=1 500w\" sizes=\"(max-width: 201px) 100vw, 201px\" data-recalc-dims=\"1\" \/><\/a><figcaption id=\"caption-attachment-6927\" class=\"wp-caption-text\"><center><strong>Kup <a href=\"https:\/\/woblink.com\/ebook\/cena-anna-bikont-235201u\">ebooka<\/a> lub <a href=\"https:\/\/woblink.com\/ksiazka\/cena-w-poszukiwaniu-zydowskich-dzieci-po-wojnie-anna-bikont-234995\">ksi\u0105\u017ck\u0119 papierow\u0105<\/a> na Woblink.com<\/strong><\/center><\/figcaption><\/figure><\/li>\n<li>\n<h4><strong>Kobiety, rasa, klasa \u2013 Angela Y. Davis, t\u0142um. Dariusz \u017bukowski, Wydawnictwo Karakter<\/strong><\/h4>\n<p>Opis wydawcy:<\/p>\n<p><b>Pierwsze polskie wydanie jednej z najwa\u017cniejszych ksi\u0105\u017cek w dziejach feminizmu. <\/b>Angela Y. Davis, ikona ruchu na rzecz wyzwolenia Afroamerykan\u00f3w i praw kobiet, cz\u0142onkini Czarnych Panter i akademiczka, opisuje relacje, jakie w XIX i XX wieku zachodzi\u0142y mi\u0119dzy abolicjonizmem i feminizmem. Przygl\u0105daj\u0105c si\u0119 postawom najwa\u017cniejszych os\u00f3b tworz\u0105cych te ruchy i analizuj\u0105c histori\u0119 emancypacji Afroamerykanek i Afroamerykan\u00f3w, pokazuje decyduj\u0105c\u0105 rol\u0119, jak\u0105 odgrywa\u0142 w niej splot czynnik\u00f3w rasowych, klasowych i zwi\u0105zanych z p\u0142ci\u0105. Pisze mi\u0119dzy innymi o tym, jak nier\u00f3wno\u015bci mi\u0119dzy bia\u0142ymi i czarnymi kobietami wp\u0142ywa\u0142y na kwestie praw reprodukcyjnych czy pracy opieku\u0144czej. R\u00f3wnocze\u015bnie dowodzi, \u017ce ilekro\u0107 grupy anga\u017cuj\u0105ce si\u0119 w walk\u0119 dzia\u0142a\u0142y solidarnie i wsp\u00f3lnie przeciwstawia\u0142y systemowi globalnego kapitalizmu, osi\u0105ga\u0142y zamierzone cele.<\/p>\n<p><figure id=\"attachment_6928\" aria-describedby=\"caption-attachment-6928\" style=\"width: 185px\" class=\"wp-caption aligncenter\"><a href=\"https:\/\/woblink.com\/ebook\/kobiety-rasa-klasa-angela-y-davis-241504u\"><img decoding=\"async\" loading=\"lazy\" class=\"wp-image-6928 size-medium\" src=\"https:\/\/i0.wp.com\/woblink.com\/blog\/wp-content\/uploads\/622891774e5ea.jpeg?resize=185%2C300&#038;ssl=1\" alt=\"angela y davis \" width=\"185\" height=\"300\" srcset=\"https:\/\/i0.wp.com\/woblink.com\/blog\/wp-content\/uploads\/622891774e5ea.jpeg?resize=185%2C300&amp;ssl=1 185w, https:\/\/i0.wp.com\/woblink.com\/blog\/wp-content\/uploads\/622891774e5ea.jpeg?w=526&amp;ssl=1 526w\" sizes=\"(max-width: 185px) 100vw, 185px\" data-recalc-dims=\"1\" \/><\/a><figcaption id=\"caption-attachment-6928\" class=\"wp-caption-text\"><center><strong>Kup <a href=\"https:\/\/woblink.com\/ebook\/kobiety-rasa-klasa-angela-y-davis-241504u\">ebooka<\/a> lub <a href=\"https:\/\/woblink.com\/ksiazka\/kobiety-rasa-klasa-davis-angelay--243398\">ksi\u0105\u017ck\u0119 papierow\u0105<\/a> na Woblink.com<\/strong><\/center><\/figcaption><\/figure><\/li>\n<li>\n<h4><strong>Ko\u015bci, kt\u00f3re nosisz w kieszeni \u2013 \u0141ukasz Barys, Wydawnictwo Cyranka<\/strong><\/h4>\n<p>Opis wydawcy: Pod naszymi domami pi\u0119trz\u0105 si\u0119 ko\u015bci. Mo\u017cna po nie si\u0119gn\u0105\u0107 i schowa\u0107 je do kieszeni. Zmarli nie lubi\u0105 siedzie\u0107 w grobach, ksi\u0119\u017cniczka zamienia si\u0119 w rzek\u0119, w\u0142\u00f3kniarki strasz\u0105 w centrum handlowym albo opowiadaj\u0105 o dawnych czasach i niedostatku. Bohaterka zmaga si\u0119 z rodzin\u0105, histori\u0105 i codzienno\u015bci\u0105 pe\u0142n\u0105 norm i zasad, do kt\u00f3rych nie spos\u00f3b si\u0119 dostosowa\u0107.<\/p>\n<p>\u0141ukasz Barys prowadzi nas przez cmentarze, szko\u0142y i dzielnice prowincjonalnego miasta, ukazuj\u0105c dorastanie w spos\u00f3b ba\u015bniowy, ale dojmuj\u0105co prawdziwy.<\/p>\n<figure id=\"attachment_5619\" aria-describedby=\"caption-attachment-5619\" style=\"width: 200px\" class=\"wp-caption aligncenter\"><a href=\"https:\/\/woblink.com\/ksiazka\/ko-sci-kt-ore-nosisz-w-kieszeni-lukasz-barys-216711\"><img decoding=\"async\" loading=\"lazy\" class=\"wp-image-5619 size-medium\" src=\"https:\/\/i0.wp.com\/woblink.com\/blog\/wp-content\/uploads\/2021\/12\/6134673d48081.jpeg?resize=200%2C300&#038;ssl=1\" alt=\"ko\u015bci kt\u00f3re nosisz w kieszeni lista bestseller\u00f3w ksi\u0119gar\u0144 kameralnych 2022 marzec\" width=\"200\" height=\"300\" srcset=\"https:\/\/i0.wp.com\/woblink.com\/blog\/wp-content\/uploads\/2021\/12\/6134673d48081.jpeg?resize=200%2C300&amp;ssl=1 200w, https:\/\/i0.wp.com\/woblink.com\/blog\/wp-content\/uploads\/2021\/12\/6134673d48081.jpeg?w=570&amp;ssl=1 570w\" sizes=\"(max-width: 200px) 100vw, 200px\" data-recalc-dims=\"1\" \/><\/a><figcaption id=\"caption-attachment-5619\" class=\"wp-caption-text\"><center><strong>Znajd\u017a <a href=\"https:\/\/woblink.com\/ksiazka\/ko-sci-kt-ore-nosisz-w-kieszeni-lukasz-barys-216711\">ksi\u0105\u017ck\u0119<\/a> lub <a href=\"https:\/\/woblink.com\/ebook\/ko-sci-kt-ore-nosisz-w-kieszeni-lukasz-barys-225079u\">ebooka <\/a>na Woblink.com<\/strong><\/center><\/figcaption><\/figure>\n<p>&nbsp;<\/li>\n<\/ol>\n<p>&nbsp;<\/p>\n","protected":false},"excerpt":{"rendered":"<p>Ksi\u0119garze i ksi\u0119garki z kameralnych ksi\u0119garni postanowili po\u0142\u0105czy\u0107 si\u0142y, \u017ceby przedstawi\u0107 ksi\u0105\u017cki, kt\u00f3re najlepiej si\u0119 u nich sprzedaj\u0105. W wyniku wsp\u00f3\u0142pracy powsta\u0142a pierwsza \u201eLista Bestseller\u00f3w Ksi\u0119gar\u0144 Kameralnych\u201d. Pierwsze notowanie pokazuje bestsellery marca \u2013 kolejne zestawienia b\u0119d\u0105 ukazywa\u0142y si\u0119 w ka\u017cdy pierwszy poniedzia\u0142ek miesi\u0105ca. Lista Bestseller\u00f3w&#8230;<\/p>\n","protected":false},"author":7,"featured_media":6929,"comment_status":"closed","ping_status":"open","sticky":false,"template":"","format":"standard","meta":[],"categories":[87],"tags":[],"yoast_head":"<!-- This site is optimized with the Yoast SEO plugin v20.11 - https:\/\/yoast.com\/wordpress\/plugins\/seo\/ -->\n<title>Lista Bestseller\u00f3w Ksi\u0119gar\u0144 Kameralnych \u2013 marzec 2022 - Woblink<\/title>\n<meta name=\"description\" content=\"Marzec 2022 roku, w wyniku wsp\u00f3\u0142pracy ksi\u0119garek i ksi\u0119garzy z ca\u0142ej Polski, powsta\u0142a pierwsza \u201eLista Bestseller\u00f3w Ksi\u0119gar\u0144 Kameralnych\u201d.\" \/>\n<meta name=\"robots\" content=\"index, follow, max-snippet:-1, max-image-preview:large, max-video-preview:-1\" \/>\n<link rel=\"canonical\" href=\"https:\/\/woblink.com\/blog\/lista-bestsellerow-ksiegarn-kameralnych-marzec-2022\/\" \/>\n<meta property=\"og:locale\" content=\"pl_PL\" \/>\n<meta property=\"og:type\" content=\"article\" \/>\n<meta property=\"og:title\" content=\"Lista Bestseller\u00f3w Ksi\u0119gar\u0144 Kameralnych \u2013 marzec 2022 - Woblink\" \/>\n<meta property=\"og:description\" content=\"Marzec 2022 roku, w wyniku wsp\u00f3\u0142pracy ksi\u0119garek i ksi\u0119garzy z ca\u0142ej Polski, powsta\u0142a pierwsza \u201eLista Bestseller\u00f3w Ksi\u0119gar\u0144 Kameralnych\u201d.\" \/>\n<meta property=\"og:url\" content=\"https:\/\/woblink.com\/blog\/lista-bestsellerow-ksiegarn-kameralnych-marzec-2022\/\" \/>\n<meta property=\"og:site_name\" content=\"Woblink\" \/>\n<meta property=\"article:publisher\" content=\"https:\/\/facebook.com\/woblink\" \/>\n<meta property=\"article:published_time\" content=\"2022-04-05T09:51:12+00:00\" \/>\n<meta property=\"article:modified_time\" content=\"2022-04-05T12:34:13+00:00\" \/>\n<meta property=\"og:image\" content=\"https:\/\/i0.wp.com\/woblink.com\/blog\/wp-content\/uploads\/lista-bestsellero\u0301w.jpeg?fit=2048%2C1365&ssl=1\" \/>\n\t<meta property=\"og:image:width\" content=\"2048\" \/>\n\t<meta property=\"og:image:height\" content=\"1365\" \/>\n\t<meta property=\"og:image:type\" content=\"image\/jpeg\" \/>\n<meta name=\"author\" content=\"Redakcja Woblinka\" \/>\n<meta name=\"twitter:card\" content=\"summary_large_image\" \/>\n<meta name=\"twitter:creator\" content=\"@woblink_com\" \/>\n<meta name=\"twitter:site\" content=\"@woblink_com\" \/>\n<meta name=\"twitter:label1\" content=\"Napisane przez\" \/>\n\t<meta name=\"twitter:data1\" content=\"Redakcja Woblinka\" \/>\n\t<meta name=\"twitter:label2\" content=\"Szacowany czas czytania\" \/>\n\t<meta name=\"twitter:data2\" content=\"9 minut\" \/>\n<script type=\"application\/ld+json\" class=\"yoast-schema-graph\">{\"@context\":\"https:\/\/schema.org\",\"@graph\":[{\"@type\":\"Article\",\"@id\":\"https:\/\/woblink.com\/blog\/lista-bestsellerow-ksiegarn-kameralnych-marzec-2022\/#article\",\"isPartOf\":{\"@id\":\"https:\/\/woblink.com\/blog\/lista-bestsellerow-ksiegarn-kameralnych-marzec-2022\/\"},\"author\":{\"name\":\"Redakcja Woblinka\",\"@id\":\"https:\/\/woblink.com\/blog\/#\/schema\/person\/8ab6b79d64fa54209272130c4c3b1e95\"},\"headline\":\"Lista Bestseller\u00f3w Ksi\u0119gar\u0144 Kameralnych \u2013 marzec 2022\",\"datePublished\":\"2022-04-05T09:51:12+00:00\",\"dateModified\":\"2022-04-05T12:34:13+00:00\",\"mainEntityOfPage\":{\"@id\":\"https:\/\/woblink.com\/blog\/lista-bestsellerow-ksiegarn-kameralnych-marzec-2022\/\"},\"wordCount\":1818,\"publisher\":{\"@id\":\"https:\/\/woblink.com\/blog\/#organization\"},\"articleSection\":[\"Aktualno\u015bci\"],\"inLanguage\":\"pl-PL\"},{\"@type\":\"WebPage\",\"@id\":\"https:\/\/woblink.com\/blog\/lista-bestsellerow-ksiegarn-kameralnych-marzec-2022\/\",\"url\":\"https:\/\/woblink.com\/blog\/lista-bestsellerow-ksiegarn-kameralnych-marzec-2022\/\",\"name\":\"Lista Bestseller\u00f3w Ksi\u0119gar\u0144 Kameralnych \u2013 marzec 2022 - Woblink\",\"isPartOf\":{\"@id\":\"https:\/\/woblink.com\/blog\/#website\"},\"datePublished\":\"2022-04-05T09:51:12+00:00\",\"dateModified\":\"2022-04-05T12:34:13+00:00\",\"description\":\"Marzec 2022 roku, w wyniku wsp\u00f3\u0142pracy ksi\u0119garek i ksi\u0119garzy z ca\u0142ej Polski, powsta\u0142a pierwsza \u201eLista Bestseller\u00f3w Ksi\u0119gar\u0144 Kameralnych\u201d.\",\"breadcrumb\":{\"@id\":\"https:\/\/woblink.com\/blog\/lista-bestsellerow-ksiegarn-kameralnych-marzec-2022\/#breadcrumb\"},\"inLanguage\":\"pl-PL\",\"potentialAction\":[{\"@type\":\"ReadAction\",\"target\":[\"https:\/\/woblink.com\/blog\/lista-bestsellerow-ksiegarn-kameralnych-marzec-2022\/\"]}]},{\"@type\":\"BreadcrumbList\",\"@id\":\"https:\/\/woblink.com\/blog\/lista-bestsellerow-ksiegarn-kameralnych-marzec-2022\/#breadcrumb\",\"itemListElement\":[{\"@type\":\"ListItem\",\"position\":1,\"name\":\"Strona g\u0142\u00f3wna\",\"item\":\"https:\/\/woblink.com\/blog\/\"},{\"@type\":\"ListItem\",\"position\":2,\"name\":\"Lista Bestseller\u00f3w Ksi\u0119gar\u0144 Kameralnych \u2013 marzec 2022\"}]},{\"@type\":\"WebSite\",\"@id\":\"https:\/\/woblink.com\/blog\/#website\",\"url\":\"https:\/\/woblink.com\/blog\/\",\"name\":\"Woblink\",\"description\":\"najlepszy firmowy blog o ksi\u0105\u017ckach\",\"publisher\":{\"@id\":\"https:\/\/woblink.com\/blog\/#organization\"},\"potentialAction\":[{\"@type\":\"SearchAction\",\"target\":{\"@type\":\"EntryPoint\",\"urlTemplate\":\"https:\/\/woblink.com\/blog\/?s={search_term_string}\"},\"query-input\":\"required name=search_term_string\"}],\"inLanguage\":\"pl-PL\"},{\"@type\":\"Organization\",\"@id\":\"https:\/\/woblink.com\/blog\/#organization\",\"name\":\"Woblink\",\"url\":\"https:\/\/woblink.com\/blog\/\",\"logo\":{\"@type\":\"ImageObject\",\"inLanguage\":\"pl-PL\",\"@id\":\"https:\/\/woblink.com\/blog\/#\/schema\/logo\/image\/\",\"url\":\"https:\/\/i0.wp.com\/woblink.com\/blog\/wp-content\/uploads\/2019\/04\/nw_logoB.png?fit=185%2C42&ssl=1\",\"contentUrl\":\"https:\/\/i0.wp.com\/woblink.com\/blog\/wp-content\/uploads\/2019\/04\/nw_logoB.png?fit=185%2C42&ssl=1\",\"width\":185,\"height\":42,\"caption\":\"Woblink\"},\"image\":{\"@id\":\"https:\/\/woblink.com\/blog\/#\/schema\/logo\/image\/\"},\"sameAs\":[\"https:\/\/facebook.com\/woblink\",\"https:\/\/twitter.com\/woblink_com\",\"https:\/\/www.instagram.com\/woblink_com\",\"https:\/\/www.linkedin.com\/company\/woblink\/\"]},{\"@type\":\"Person\",\"@id\":\"https:\/\/woblink.com\/blog\/#\/schema\/person\/8ab6b79d64fa54209272130c4c3b1e95\",\"name\":\"Redakcja Woblinka\",\"image\":{\"@type\":\"ImageObject\",\"inLanguage\":\"pl-PL\",\"@id\":\"https:\/\/woblink.com\/blog\/#\/schema\/person\/image\/\",\"url\":\"https:\/\/secure.gravatar.com\/avatar\/f23ae80a7c9da060bee5f8310913478b?s=96&d=mm&r=g\",\"contentUrl\":\"https:\/\/secure.gravatar.com\/avatar\/f23ae80a7c9da060bee5f8310913478b?s=96&d=mm&r=g\",\"caption\":\"Redakcja Woblinka\"},\"url\":\"https:\/\/woblink.com\/blog\/author\/krasny\/\"}]}<\/script>\n<!-- \/ Yoast SEO plugin. -->","yoast_head_json":{"title":"Lista Bestseller\u00f3w Ksi\u0119gar\u0144 Kameralnych \u2013 marzec 2022 - Woblink","description":"Marzec 2022 roku, w wyniku wsp\u00f3\u0142pracy ksi\u0119garek i ksi\u0119garzy z ca\u0142ej Polski, powsta\u0142a pierwsza \u201eLista Bestseller\u00f3w Ksi\u0119gar\u0144 Kameralnych\u201d.","robots":{"index":"index","follow":"follow","max-snippet":"max-snippet:-1","max-image-preview":"max-image-preview:large","max-video-preview":"max-video-preview:-1"},"canonical":"https:\/\/woblink.com\/blog\/lista-bestsellerow-ksiegarn-kameralnych-marzec-2022\/","og_locale":"pl_PL","og_type":"article","og_title":"Lista Bestseller\u00f3w Ksi\u0119gar\u0144 Kameralnych \u2013 marzec 2022 - Woblink","og_description":"Marzec 2022 roku, w wyniku wsp\u00f3\u0142pracy ksi\u0119garek i ksi\u0119garzy z ca\u0142ej Polski, powsta\u0142a pierwsza \u201eLista Bestseller\u00f3w Ksi\u0119gar\u0144 Kameralnych\u201d.","og_url":"https:\/\/woblink.com\/blog\/lista-bestsellerow-ksiegarn-kameralnych-marzec-2022\/","og_site_name":"Woblink","article_publisher":"https:\/\/facebook.com\/woblink","article_published_time":"2022-04-05T09:51:12+00:00","article_modified_time":"2022-04-05T12:34:13+00:00","og_image":[{"width":2048,"height":1365,"url":"https:\/\/i0.wp.com\/woblink.com\/blog\/wp-content\/uploads\/lista-bestsellero\u0301w.jpeg?fit=2048%2C1365&ssl=1","type":"image\/jpeg"}],"author":"Redakcja Woblinka","twitter_card":"summary_large_image","twitter_creator":"@woblink_com","twitter_site":"@woblink_com","twitter_misc":{"Napisane przez":"Redakcja Woblinka","Szacowany czas czytania":"9 minut"},"schema":{"@context":"https:\/\/schema.org","@graph":[{"@type":"Article","@id":"https:\/\/woblink.com\/blog\/lista-bestsellerow-ksiegarn-kameralnych-marzec-2022\/#article","isPartOf":{"@id":"https:\/\/woblink.com\/blog\/lista-bestsellerow-ksiegarn-kameralnych-marzec-2022\/"},"author":{"name":"Redakcja Woblinka","@id":"https:\/\/woblink.com\/blog\/#\/schema\/person\/8ab6b79d64fa54209272130c4c3b1e95"},"headline":"Lista Bestseller\u00f3w Ksi\u0119gar\u0144 Kameralnych \u2013 marzec 2022","datePublished":"2022-04-05T09:51:12+00:00","dateModified":"2022-04-05T12:34:13+00:00","mainEntityOfPage":{"@id":"https:\/\/woblink.com\/blog\/lista-bestsellerow-ksiegarn-kameralnych-marzec-2022\/"},"wordCount":1818,"publisher":{"@id":"https:\/\/woblink.com\/blog\/#organization"},"articleSection":["Aktualno\u015bci"],"inLanguage":"pl-PL"},{"@type":"WebPage","@id":"https:\/\/woblink.com\/blog\/lista-bestsellerow-ksiegarn-kameralnych-marzec-2022\/","url":"https:\/\/woblink.com\/blog\/lista-bestsellerow-ksiegarn-kameralnych-marzec-2022\/","name":"Lista Bestseller\u00f3w Ksi\u0119gar\u0144 Kameralnych \u2013 marzec 2022 - Woblink","isPartOf":{"@id":"https:\/\/woblink.com\/blog\/#website"},"datePublished":"2022-04-05T09:51:12+00:00","dateModified":"2022-04-05T12:34:13+00:00","description":"Marzec 2022 roku, w wyniku wsp\u00f3\u0142pracy ksi\u0119garek i ksi\u0119garzy z ca\u0142ej Polski, powsta\u0142a pierwsza \u201eLista Bestseller\u00f3w Ksi\u0119gar\u0144 Kameralnych\u201d.","breadcrumb":{"@id":"https:\/\/woblink.com\/blog\/lista-bestsellerow-ksiegarn-kameralnych-marzec-2022\/#breadcrumb"},"inLanguage":"pl-PL","potentialAction":[{"@type":"ReadAction","target":["https:\/\/woblink.com\/blog\/lista-bestsellerow-ksiegarn-kameralnych-marzec-2022\/"]}]},{"@type":"BreadcrumbList","@id":"https:\/\/woblink.com\/blog\/lista-bestsellerow-ksiegarn-kameralnych-marzec-2022\/#breadcrumb","itemListElement":[{"@type":"ListItem","position":1,"name":"Strona g\u0142\u00f3wna","item":"https:\/\/woblink.com\/blog\/"},{"@type":"ListItem","position":2,"name":"Lista Bestseller\u00f3w Ksi\u0119gar\u0144 Kameralnych \u2013 marzec 2022"}]},{"@type":"WebSite","@id":"https:\/\/woblink.com\/blog\/#website","url":"https:\/\/woblink.com\/blog\/","name":"Woblink","description":"najlepszy firmowy blog o ksi\u0105\u017ckach","publisher":{"@id":"https:\/\/woblink.com\/blog\/#organization"},"potentialAction":[{"@type":"SearchAction","target":{"@type":"EntryPoint","urlTemplate":"https:\/\/woblink.com\/blog\/?s={search_term_string}"},"query-input":"required name=search_term_string"}],"inLanguage":"pl-PL"},{"@type":"Organization","@id":"https:\/\/woblink.com\/blog\/#organization","name":"Woblink","url":"https:\/\/woblink.com\/blog\/","logo":{"@type":"ImageObject","inLanguage":"pl-PL","@id":"https:\/\/woblink.com\/blog\/#\/schema\/logo\/image\/","url":"https:\/\/i0.wp.com\/woblink.com\/blog\/wp-content\/uploads\/2019\/04\/nw_logoB.png?fit=185%2C42&ssl=1","contentUrl":"https:\/\/i0.wp.com\/woblink.com\/blog\/wp-content\/uploads\/2019\/04\/nw_logoB.png?fit=185%2C42&ssl=1","width":185,"height":42,"caption":"Woblink"},"image":{"@id":"https:\/\/woblink.com\/blog\/#\/schema\/logo\/image\/"},"sameAs":["https:\/\/facebook.com\/woblink","https:\/\/twitter.com\/woblink_com","https:\/\/www.instagram.com\/woblink_com","https:\/\/www.linkedin.com\/company\/woblink\/"]},{"@type":"Person","@id":"https:\/\/woblink.com\/blog\/#\/schema\/person\/8ab6b79d64fa54209272130c4c3b1e95","name":"Redakcja Woblinka","image":{"@type":"ImageObject","inLanguage":"pl-PL","@id":"https:\/\/woblink.com\/blog\/#\/schema\/person\/image\/","url":"https:\/\/secure.gravatar.com\/avatar\/f23ae80a7c9da060bee5f8310913478b?s=96&d=mm&r=g","contentUrl":"https:\/\/secure.gravatar.com\/avatar\/f23ae80a7c9da060bee5f8310913478b?s=96&d=mm&r=g","caption":"Redakcja Woblinka"},"url":"https:\/\/woblink.com\/blog\/author\/krasny\/"}]}},"jetpack_featured_media_url":"https:\/\/i0.wp.com\/woblink.com\/blog\/wp-content\/uploads\/lista-bestsellero\u0301w.jpeg?fit=2048%2C1365&ssl=1","_links":{"self":[{"href":"https:\/\/woblink.com\/blog\/wp-json\/wp\/v2\/posts\/6918"}],"collection":[{"href":"https:\/\/woblink.com\/blog\/wp-json\/wp\/v2\/posts"}],"about":[{"href":"https:\/\/woblink.com\/blog\/wp-json\/wp\/v2\/types\/post"}],"author":[{"embeddable":true,"href":"https:\/\/woblink.com\/blog\/wp-json\/wp\/v2\/users\/7"}],"replies":[{"embeddable":true,"href":"https:\/\/woblink.com\/blog\/wp-json\/wp\/v2\/comments?post=6918"}],"version-history":[{"count":4,"href":"https:\/\/woblink.com\/blog\/wp-json\/wp\/v2\/posts\/6918\/revisions"}],"predecessor-version":[{"id":6932,"href":"https:\/\/woblink.com\/blog\/wp-json\/wp\/v2\/posts\/6918\/revisions\/6932"}],"wp:featuredmedia":[{"embeddable":true,"href":"https:\/\/woblink.com\/blog\/wp-json\/wp\/v2\/media\/6929"}],"wp:attachment":[{"href":"https:\/\/woblink.com\/blog\/wp-json\/wp\/v2\/media?parent=6918"}],"wp:term":[{"taxonomy":"category","embeddable":true,"href":"https:\/\/woblink.com\/blog\/wp-json\/wp\/v2\/categories?post=6918"},{"taxonomy":"post_tag","embeddable":true,"href":"https:\/\/woblink.com\/blog\/wp-json\/wp\/v2\/tags?post=6918"}],"curies":[{"name":"wp","href":"https:\/\/api.w.org\/{rel}","templated":true}]}}