{"id":7112,"date":"2022-04-22T13:30:48","date_gmt":"2022-04-22T11:30:48","guid":{"rendered":"https:\/\/woblink.com\/blog\/?p=7112"},"modified":"2022-04-22T13:30:48","modified_gmt":"2022-04-22T11:30:48","slug":"yuval-noah-harari-odwiedzi-polske-dwa-spotkania-z-autorem-21-lekcji-na-xxi-wiek","status":"publish","type":"post","link":"https:\/\/woblink.com\/blog\/yuval-noah-harari-odwiedzi-polske-dwa-spotkania-z-autorem-21-lekcji-na-xxi-wiek\/","title":{"rendered":"Yuval Noah Harari odwiedzi Polsk\u0119. Dwa spotkania z autorem \u201e21 lekcji na XXI wiek\u201d"},"content":{"rendered":"<p><strong>Ju\u017c w maju profesor Yuval Noah Harari odwiedzi Polsk\u0119. Izraelski historyk i filozof, kt\u00f3ry \u015bwiatow\u0105 s\u0142aw\u0119 zyska\u0142 dzi\u0119ki takim ksi\u0105\u017ckom jak \u201e21 lekcji na XXI wiek\u201d czy \u201eSapiens. Od zwierz\u0105t do bog\u00f3w\u201d, wyst\u0105pi na dw\u00f3ch wydarzeniach \u2013 w Poznaniu i Warszawie.<\/strong><\/p>\n<p><!--more--><\/p>\n<h3><strong>Yuval Noah Harari na dw\u00f3ch spotkaniach w Polsce<\/strong><\/h3>\n<p>Prof. <strong><a href=\"https:\/\/woblink.com\/autor\/yuval-noah-harari-94597\">Yuval Noah Harari<\/a><\/strong> wyst\u0105pi 11 maja jako go\u015b\u0107 specjalny na g\u0142\u00f3wnej scenie w trakcie tegorocznej edycji <strong><a href=\"https:\/\/impactcee.com\/impact\/2022\/\">Impact\u201922<\/a><\/strong>. <b>mpact\u201922<\/b> to jedno z najwa\u017cniejszych wydarze\u0144 o charakterze gospodarczo-technologicznym w naszej cz\u0119\u015bci Europy. W konferencji bior\u0105 udzia\u0142 przedstawiciele najwi\u0119kszych marek z globalnych firm, politycy, regulatorzy, naukowcy i przedstawiciele \u015bwiata kultury.<\/p>\n<p>To jednak nie jedyna okazja na spotkanie z <strong><a href=\"https:\/\/woblink.com\/autor\/yuval-noah-harari-94597\">Hararim<\/a><\/strong>. Dzie\u0144 p\u00f3\u017aniej w Crowne Plaza\u00ae Warsaw \u2013 The HUB odb\u0119dzie si\u0119 wydarzenie \u201eSapienship Youth. Harari in Warsaw\u201d. Opr\u00f3cz go\u015bcia g\u0142\u00f3wnego, w spotkaniu wezm\u0105 udzia\u0142 prelegenci i m\u00f3wcy, kt\u00f3rzy b\u0119d\u0105 dyskutowa\u0107 na temat wp\u0142ywu nowoczesnnych technologii i masowej dezinformacji na wojn\u0119 w Ukrainie. Spotkanie z <strong><a href=\"https:\/\/woblink.com\/autor\/yuval-noah-harari-94597\">Yuvalem Noah Hararim<\/a><\/strong> b\u0119dzie skierowane do m\u0142odych, utalentowanych lider\u00f3w. To wyj\u0105tkowa okazja do pos\u0142uchania jednego z najwa\u017cniejszych komentator\u00f3w i analityk\u00f3w wsp\u00f3\u0142czesno\u015bci. Jedynym warunkiem udzia\u0142u w wydarzeniu jest wys\u0142anie specjalnego formularza zg\u0142oszeniowego, kt\u00f3ry trzeba wype\u0142ni\u0107 do 24 kwietnia do godz. 23:59. W wydarzeniu mog\u0105 uczestniczy\u0107 osoby w wieku od 15 do 26 lat. Wyniki zostan\u0105 podane drog\u0105 e-mailow\u0105. Aplikacje mo\u017cna wysy\u0142a\u0107 pod adres: <a href=\"https:\/\/forms.gle\/ipCByzAK4G2GGYEYA\">https:\/\/forms.gle\/ipCByzAK4G2GGYEYA<\/a>. Zar\u00f3wno zg\u0142oszenie, jak i wydarzenie, prowadzone s\u0105 w j\u0119zyku angielskim. Organizatorami spotkania \u201eSapienship Youth. Harari in Warsaw\u201d s\u0105 krakowskie <strong><a href=\"https:\/\/www.wydawnictwoliterackie.pl\/\">Wydawnictwo Literackie<\/a><\/strong>, Sapienship oraz Konferencja M\u0142odych Lider\u00f3w. Fundacja Impact jest Partnerem strategicznym wydarzenia.<\/p>\n<h3><strong>Yuval Noah Harari \u2013 izraelski prorok z XXI wieku<\/strong><\/h3>\n<p><strong><a href=\"https:\/\/woblink.com\/autor\/yuval-noah-harari-94597\">Yuval Noah Harari<\/a><\/strong> jest izraelskim intelektualist\u0105, historykiem i profesor na Wydziale Historii na Uniwersytecie Hebrajskim w Jerozolimie. Na \u015bwiecie zyska\u0142 ogromn\u0105 popularno\u015b\u0107 dzi\u0119ki swoim ksi\u0105\u017ckom i publicznym wyst\u0105pieniom, w kt\u00f3rych opowiada o wyzwaniach, jakie stoj\u0105 przed wsp\u00f3\u0142czesnym cz\u0142owiekiem. Harari jest autorem takich bestseller\u00f3w jak \u201e<strong><a href=\"https:\/\/woblink.com\/ebook\/sapiens-od-zwierzat-do-bogow-yuval-noah-harari-justyn-hunia-40675\">Sapiens. Od zwierz\u0105t do bog\u00f3w<\/a><\/strong>\u201d, \u201e<strong><a href=\"https:\/\/woblink.com\/ebook\/homo-deus-yuval-noah-harari-34284u\">Homo deus. Kr\u00f3tka historia jutra<\/a><\/strong>\u201d czy \u201e<strong><a href=\"https:\/\/woblink.com\/ebook\/21-lekcji-na-xxi-wiek-yuval-noah-harari-135642u\">21 lekcji na XXI wiek<\/a><\/strong>\u201d. Jego ksi\u0105\u017cki zosta\u0142y przet\u0142umaczone na 65 j\u0119zyk\u00f3w i sprzeda\u0142y si\u0119 na ca\u0142ym \u015bwiecie w nak\u0142adzie przesz\u0142o 35 milion\u00f3w egzemplarzy. Wi\u0119kszo\u015b\u0107 dzie\u0142 Harariego zaliczana jest do tzw. nurtu Big History, w kt\u00f3rym \u015bledzi wielkie przedzia\u0142y czasowe z perspektywy multidyscyplinarnej i w wielow\u0105tkowej.<\/p>\n<figure id=\"attachment_1224\" aria-describedby=\"caption-attachment-1224\" style=\"width: 197px\" class=\"wp-caption aligncenter\"><a href=\"https:\/\/woblink.com\/ebook\/sapiens-od-zwierzat-do-bogow-yuval-noah-harari-justyn-hunia-40675\"><img decoding=\"async\" loading=\"lazy\" class=\"wp-image-1224 size-medium\" src=\"https:\/\/i0.wp.com\/woblink.com\/blog\/wp-content\/uploads\/2019\/10\/1838707-pdw_book_cover.jpg?resize=197%2C300&#038;ssl=1\" alt=\"Bestsellery wrzesie\u0144 Sapiens\" width=\"197\" height=\"300\" srcset=\"https:\/\/i0.wp.com\/woblink.com\/blog\/wp-content\/uploads\/2019\/10\/1838707-pdw_book_cover.jpg?resize=197%2C300&amp;ssl=1 197w, https:\/\/i0.wp.com\/woblink.com\/blog\/wp-content\/uploads\/2019\/10\/1838707-pdw_book_cover.jpg?w=561&amp;ssl=1 561w\" sizes=\"(max-width: 197px) 100vw, 197px\" data-recalc-dims=\"1\" \/><\/a><figcaption id=\"caption-attachment-1224\" class=\"wp-caption-text\"><center><strong>Kup <a href=\"https:\/\/woblink.com\/ebook\/sapiens-od-zwierzat-do-bogow-yuval-noah-harari-justyn-hunia-40675\">ebooka<\/a> lub <a href=\"https:\/\/woblink.com\/ksiazka\/sapiens-od-zwierzat-do-bogow-yuval-noah-harari-138951\">ksi\u0105\u017ck\u0119 <\/a>na Woblink.com<\/strong><\/center><\/figcaption><\/figure>\n<p><span style=\"font-weight: 400;\">Jedn\u0105 z najwa\u017cniejszych ksi\u0105\u017cek w dorobku <strong><a href=\"https:\/\/woblink.com\/autor\/yuval-noah-harari-94597\">Harariego<\/a><\/strong> jest \u015bwiatowy hit \u2013 \u201e<strong><a href=\"https:\/\/woblink.com\/ebook\/sapiens-od-zwierzat-do-bogow-yuval-noah-harari-justyn-hunia-40675\">Sapiens. Od zwierz\u0105t do bog\u00f3w<\/a><\/strong>\u201d. To ksi\u0105\u017cka, dzi\u0119ki kt\u00f3rej rozpocz\u0119\u0142a si\u0119 mi\u0119dzynarodowa kariera izraelskiego badacza. Ca\u0142o\u015bciowa historia cz\u0142owieka &#8211; od ukrywania si\u0119 w jaskiniach do podr\u00f3\u017cy na Ksi\u0119\u017cyc i in\u017cynierii genetycznej. Sto tysi\u0119cy lat temu ludzie z trudem walczyli o przetrwanie, ca\u0142y czas \u017cyj\u0105c w strachu przed wszechmocn\u0105 natur\u0105 i rywalizuj\u0105cymi z nimi zwierz\u0119tami. Dzisiaj w XXI wieku opanowali\u015bmy ca\u0142y \u015bwiat i to nasz niekontrolowany rozw\u00f3j jest zagro\u017ceniem dla planety i zwierz\u0105t. Homo sapiens uczy si\u0119 w\u0142a\u015bnie przekszta\u0142ca\u0107 swoje geny i chcia\u0142by sta\u0107 si\u0119 podobny do w\u0142asnych wyobra\u017ce\u0144 o bogach.<\/span><\/p>\n","protected":false},"excerpt":{"rendered":"<p>Ju\u017c w maju profesor Yuval Noah Harari odwiedzi Polsk\u0119. Izraelski historyk i filozof, kt\u00f3ry \u015bwiatow\u0105 s\u0142aw\u0119 zyska\u0142 dzi\u0119ki takim ksi\u0105\u017ckom jak \u201e21 lekcji na XXI wiek\u201d czy \u201eSapiens. Od zwierz\u0105t do bog\u00f3w\u201d, wyst\u0105pi na dw\u00f3ch wydarzeniach \u2013 w Poznaniu i Warszawie. Yuval Noah Harari na&#8230;<\/p>\n","protected":false},"author":7,"featured_media":7113,"comment_status":"closed","ping_status":"open","sticky":false,"template":"","format":"standard","meta":[],"categories":[87],"tags":[],"yoast_head":"<!-- This site is optimized with the Yoast SEO plugin v20.11 - https:\/\/yoast.com\/wordpress\/plugins\/seo\/ -->\n<title>Yuval Noah Harari odwiedzi Polsk\u0119. Dwa spotkania z autorem \u201e21 lekcji na XXI wiek\u201d - Woblink<\/title>\n<meta name=\"description\" content=\"W maju Yuval Noah Harari odwiedzi Polsk\u0119. Izraelski historyk, autor \u201e21 lekcji na XXI wiek\u201d, wyst\u0105pi na dw\u00f3ch wydarzeniach \u2013 w Poznaniu i Warszawie.\" \/>\n<meta name=\"robots\" content=\"index, follow, max-snippet:-1, max-image-preview:large, max-video-preview:-1\" \/>\n<link rel=\"canonical\" href=\"https:\/\/woblink.com\/blog\/yuval-noah-harari-odwiedzi-polske-dwa-spotkania-z-autorem-21-lekcji-na-xxi-wiek\/\" \/>\n<meta property=\"og:locale\" content=\"pl_PL\" \/>\n<meta property=\"og:type\" content=\"article\" \/>\n<meta property=\"og:title\" content=\"Yuval Noah Harari odwiedzi Polsk\u0119. Dwa spotkania z autorem \u201e21 lekcji na XXI wiek\u201d - Woblink\" \/>\n<meta property=\"og:description\" content=\"W maju Yuval Noah Harari odwiedzi Polsk\u0119. Izraelski historyk, autor \u201e21 lekcji na XXI wiek\u201d, wyst\u0105pi na dw\u00f3ch wydarzeniach \u2013 w Poznaniu i Warszawie.\" \/>\n<meta property=\"og:url\" content=\"https:\/\/woblink.com\/blog\/yuval-noah-harari-odwiedzi-polske-dwa-spotkania-z-autorem-21-lekcji-na-xxi-wiek\/\" \/>\n<meta property=\"og:site_name\" content=\"Woblink\" \/>\n<meta property=\"article:publisher\" content=\"https:\/\/facebook.com\/woblink\" \/>\n<meta property=\"article:published_time\" content=\"2022-04-22T11:30:48+00:00\" \/>\n<meta property=\"og:image\" content=\"https:\/\/i0.wp.com\/woblink.com\/blog\/wp-content\/uploads\/harari_w_polsce.png?fit=1011%2C690&ssl=1\" \/>\n\t<meta property=\"og:image:width\" content=\"1011\" \/>\n\t<meta property=\"og:image:height\" content=\"690\" \/>\n\t<meta property=\"og:image:type\" content=\"image\/png\" \/>\n<meta name=\"author\" content=\"Redakcja Woblinka\" \/>\n<meta name=\"twitter:card\" content=\"summary_large_image\" \/>\n<meta name=\"twitter:creator\" content=\"@woblink_com\" \/>\n<meta name=\"twitter:site\" content=\"@woblink_com\" \/>\n<meta name=\"twitter:label1\" content=\"Napisane przez\" \/>\n\t<meta name=\"twitter:data1\" content=\"Redakcja Woblinka\" \/>\n\t<meta name=\"twitter:label2\" content=\"Szacowany czas czytania\" \/>\n\t<meta name=\"twitter:data2\" content=\"3 minuty\" \/>\n<script type=\"application\/ld+json\" class=\"yoast-schema-graph\">{\"@context\":\"https:\/\/schema.org\",\"@graph\":[{\"@type\":\"Article\",\"@id\":\"https:\/\/woblink.com\/blog\/yuval-noah-harari-odwiedzi-polske-dwa-spotkania-z-autorem-21-lekcji-na-xxi-wiek\/#article\",\"isPartOf\":{\"@id\":\"https:\/\/woblink.com\/blog\/yuval-noah-harari-odwiedzi-polske-dwa-spotkania-z-autorem-21-lekcji-na-xxi-wiek\/\"},\"author\":{\"name\":\"Redakcja Woblinka\",\"@id\":\"https:\/\/woblink.com\/blog\/#\/schema\/person\/8ab6b79d64fa54209272130c4c3b1e95\"},\"headline\":\"Yuval Noah Harari odwiedzi Polsk\u0119. Dwa spotkania z autorem \u201e21 lekcji na XXI wiek\u201d\",\"datePublished\":\"2022-04-22T11:30:48+00:00\",\"dateModified\":\"2022-04-22T11:30:48+00:00\",\"mainEntityOfPage\":{\"@id\":\"https:\/\/woblink.com\/blog\/yuval-noah-harari-odwiedzi-polske-dwa-spotkania-z-autorem-21-lekcji-na-xxi-wiek\/\"},\"wordCount\":576,\"publisher\":{\"@id\":\"https:\/\/woblink.com\/blog\/#organization\"},\"articleSection\":[\"Aktualno\u015bci\"],\"inLanguage\":\"pl-PL\"},{\"@type\":\"WebPage\",\"@id\":\"https:\/\/woblink.com\/blog\/yuval-noah-harari-odwiedzi-polske-dwa-spotkania-z-autorem-21-lekcji-na-xxi-wiek\/\",\"url\":\"https:\/\/woblink.com\/blog\/yuval-noah-harari-odwiedzi-polske-dwa-spotkania-z-autorem-21-lekcji-na-xxi-wiek\/\",\"name\":\"Yuval Noah Harari odwiedzi Polsk\u0119. Dwa spotkania z autorem \u201e21 lekcji na XXI wiek\u201d - Woblink\",\"isPartOf\":{\"@id\":\"https:\/\/woblink.com\/blog\/#website\"},\"datePublished\":\"2022-04-22T11:30:48+00:00\",\"dateModified\":\"2022-04-22T11:30:48+00:00\",\"description\":\"W maju Yuval Noah Harari odwiedzi Polsk\u0119. Izraelski historyk, autor \u201e21 lekcji na XXI wiek\u201d, wyst\u0105pi na dw\u00f3ch wydarzeniach \u2013 w Poznaniu i Warszawie.\",\"breadcrumb\":{\"@id\":\"https:\/\/woblink.com\/blog\/yuval-noah-harari-odwiedzi-polske-dwa-spotkania-z-autorem-21-lekcji-na-xxi-wiek\/#breadcrumb\"},\"inLanguage\":\"pl-PL\",\"potentialAction\":[{\"@type\":\"ReadAction\",\"target\":[\"https:\/\/woblink.com\/blog\/yuval-noah-harari-odwiedzi-polske-dwa-spotkania-z-autorem-21-lekcji-na-xxi-wiek\/\"]}]},{\"@type\":\"BreadcrumbList\",\"@id\":\"https:\/\/woblink.com\/blog\/yuval-noah-harari-odwiedzi-polske-dwa-spotkania-z-autorem-21-lekcji-na-xxi-wiek\/#breadcrumb\",\"itemListElement\":[{\"@type\":\"ListItem\",\"position\":1,\"name\":\"Strona g\u0142\u00f3wna\",\"item\":\"https:\/\/woblink.com\/blog\/\"},{\"@type\":\"ListItem\",\"position\":2,\"name\":\"Yuval Noah Harari odwiedzi Polsk\u0119. Dwa spotkania z autorem \u201e21 lekcji na XXI wiek\u201d\"}]},{\"@type\":\"WebSite\",\"@id\":\"https:\/\/woblink.com\/blog\/#website\",\"url\":\"https:\/\/woblink.com\/blog\/\",\"name\":\"Woblink\",\"description\":\"najlepszy firmowy blog o ksi\u0105\u017ckach\",\"publisher\":{\"@id\":\"https:\/\/woblink.com\/blog\/#organization\"},\"potentialAction\":[{\"@type\":\"SearchAction\",\"target\":{\"@type\":\"EntryPoint\",\"urlTemplate\":\"https:\/\/woblink.com\/blog\/?s={search_term_string}\"},\"query-input\":\"required name=search_term_string\"}],\"inLanguage\":\"pl-PL\"},{\"@type\":\"Organization\",\"@id\":\"https:\/\/woblink.com\/blog\/#organization\",\"name\":\"Woblink\",\"url\":\"https:\/\/woblink.com\/blog\/\",\"logo\":{\"@type\":\"ImageObject\",\"inLanguage\":\"pl-PL\",\"@id\":\"https:\/\/woblink.com\/blog\/#\/schema\/logo\/image\/\",\"url\":\"https:\/\/i0.wp.com\/woblink.com\/blog\/wp-content\/uploads\/2019\/04\/nw_logoB.png?fit=185%2C42&ssl=1\",\"contentUrl\":\"https:\/\/i0.wp.com\/woblink.com\/blog\/wp-content\/uploads\/2019\/04\/nw_logoB.png?fit=185%2C42&ssl=1\",\"width\":185,\"height\":42,\"caption\":\"Woblink\"},\"image\":{\"@id\":\"https:\/\/woblink.com\/blog\/#\/schema\/logo\/image\/\"},\"sameAs\":[\"https:\/\/facebook.com\/woblink\",\"https:\/\/twitter.com\/woblink_com\",\"https:\/\/www.instagram.com\/woblink_com\",\"https:\/\/www.linkedin.com\/company\/woblink\/\"]},{\"@type\":\"Person\",\"@id\":\"https:\/\/woblink.com\/blog\/#\/schema\/person\/8ab6b79d64fa54209272130c4c3b1e95\",\"name\":\"Redakcja Woblinka\",\"image\":{\"@type\":\"ImageObject\",\"inLanguage\":\"pl-PL\",\"@id\":\"https:\/\/woblink.com\/blog\/#\/schema\/person\/image\/\",\"url\":\"https:\/\/secure.gravatar.com\/avatar\/f23ae80a7c9da060bee5f8310913478b?s=96&d=mm&r=g\",\"contentUrl\":\"https:\/\/secure.gravatar.com\/avatar\/f23ae80a7c9da060bee5f8310913478b?s=96&d=mm&r=g\",\"caption\":\"Redakcja Woblinka\"},\"url\":\"https:\/\/woblink.com\/blog\/author\/krasny\/\"}]}<\/script>\n<!-- \/ Yoast SEO plugin. -->","yoast_head_json":{"title":"Yuval Noah Harari odwiedzi Polsk\u0119. Dwa spotkania z autorem \u201e21 lekcji na XXI wiek\u201d - Woblink","description":"W maju Yuval Noah Harari odwiedzi Polsk\u0119. Izraelski historyk, autor \u201e21 lekcji na XXI wiek\u201d, wyst\u0105pi na dw\u00f3ch wydarzeniach \u2013 w Poznaniu i Warszawie.","robots":{"index":"index","follow":"follow","max-snippet":"max-snippet:-1","max-image-preview":"max-image-preview:large","max-video-preview":"max-video-preview:-1"},"canonical":"https:\/\/woblink.com\/blog\/yuval-noah-harari-odwiedzi-polske-dwa-spotkania-z-autorem-21-lekcji-na-xxi-wiek\/","og_locale":"pl_PL","og_type":"article","og_title":"Yuval Noah Harari odwiedzi Polsk\u0119. Dwa spotkania z autorem \u201e21 lekcji na XXI wiek\u201d - Woblink","og_description":"W maju Yuval Noah Harari odwiedzi Polsk\u0119. Izraelski historyk, autor \u201e21 lekcji na XXI wiek\u201d, wyst\u0105pi na dw\u00f3ch wydarzeniach \u2013 w Poznaniu i Warszawie.","og_url":"https:\/\/woblink.com\/blog\/yuval-noah-harari-odwiedzi-polske-dwa-spotkania-z-autorem-21-lekcji-na-xxi-wiek\/","og_site_name":"Woblink","article_publisher":"https:\/\/facebook.com\/woblink","article_published_time":"2022-04-22T11:30:48+00:00","og_image":[{"width":1011,"height":690,"url":"https:\/\/i0.wp.com\/woblink.com\/blog\/wp-content\/uploads\/harari_w_polsce.png?fit=1011%2C690&ssl=1","type":"image\/png"}],"author":"Redakcja Woblinka","twitter_card":"summary_large_image","twitter_creator":"@woblink_com","twitter_site":"@woblink_com","twitter_misc":{"Napisane przez":"Redakcja Woblinka","Szacowany czas czytania":"3 minuty"},"schema":{"@context":"https:\/\/schema.org","@graph":[{"@type":"Article","@id":"https:\/\/woblink.com\/blog\/yuval-noah-harari-odwiedzi-polske-dwa-spotkania-z-autorem-21-lekcji-na-xxi-wiek\/#article","isPartOf":{"@id":"https:\/\/woblink.com\/blog\/yuval-noah-harari-odwiedzi-polske-dwa-spotkania-z-autorem-21-lekcji-na-xxi-wiek\/"},"author":{"name":"Redakcja Woblinka","@id":"https:\/\/woblink.com\/blog\/#\/schema\/person\/8ab6b79d64fa54209272130c4c3b1e95"},"headline":"Yuval Noah Harari odwiedzi Polsk\u0119. Dwa spotkania z autorem \u201e21 lekcji na XXI wiek\u201d","datePublished":"2022-04-22T11:30:48+00:00","dateModified":"2022-04-22T11:30:48+00:00","mainEntityOfPage":{"@id":"https:\/\/woblink.com\/blog\/yuval-noah-harari-odwiedzi-polske-dwa-spotkania-z-autorem-21-lekcji-na-xxi-wiek\/"},"wordCount":576,"publisher":{"@id":"https:\/\/woblink.com\/blog\/#organization"},"articleSection":["Aktualno\u015bci"],"inLanguage":"pl-PL"},{"@type":"WebPage","@id":"https:\/\/woblink.com\/blog\/yuval-noah-harari-odwiedzi-polske-dwa-spotkania-z-autorem-21-lekcji-na-xxi-wiek\/","url":"https:\/\/woblink.com\/blog\/yuval-noah-harari-odwiedzi-polske-dwa-spotkania-z-autorem-21-lekcji-na-xxi-wiek\/","name":"Yuval Noah Harari odwiedzi Polsk\u0119. Dwa spotkania z autorem \u201e21 lekcji na XXI wiek\u201d - Woblink","isPartOf":{"@id":"https:\/\/woblink.com\/blog\/#website"},"datePublished":"2022-04-22T11:30:48+00:00","dateModified":"2022-04-22T11:30:48+00:00","description":"W maju Yuval Noah Harari odwiedzi Polsk\u0119. Izraelski historyk, autor \u201e21 lekcji na XXI wiek\u201d, wyst\u0105pi na dw\u00f3ch wydarzeniach \u2013 w Poznaniu i Warszawie.","breadcrumb":{"@id":"https:\/\/woblink.com\/blog\/yuval-noah-harari-odwiedzi-polske-dwa-spotkania-z-autorem-21-lekcji-na-xxi-wiek\/#breadcrumb"},"inLanguage":"pl-PL","potentialAction":[{"@type":"ReadAction","target":["https:\/\/woblink.com\/blog\/yuval-noah-harari-odwiedzi-polske-dwa-spotkania-z-autorem-21-lekcji-na-xxi-wiek\/"]}]},{"@type":"BreadcrumbList","@id":"https:\/\/woblink.com\/blog\/yuval-noah-harari-odwiedzi-polske-dwa-spotkania-z-autorem-21-lekcji-na-xxi-wiek\/#breadcrumb","itemListElement":[{"@type":"ListItem","position":1,"name":"Strona g\u0142\u00f3wna","item":"https:\/\/woblink.com\/blog\/"},{"@type":"ListItem","position":2,"name":"Yuval Noah Harari odwiedzi Polsk\u0119. Dwa spotkania z autorem \u201e21 lekcji na XXI wiek\u201d"}]},{"@type":"WebSite","@id":"https:\/\/woblink.com\/blog\/#website","url":"https:\/\/woblink.com\/blog\/","name":"Woblink","description":"najlepszy firmowy blog o ksi\u0105\u017ckach","publisher":{"@id":"https:\/\/woblink.com\/blog\/#organization"},"potentialAction":[{"@type":"SearchAction","target":{"@type":"EntryPoint","urlTemplate":"https:\/\/woblink.com\/blog\/?s={search_term_string}"},"query-input":"required name=search_term_string"}],"inLanguage":"pl-PL"},{"@type":"Organization","@id":"https:\/\/woblink.com\/blog\/#organization","name":"Woblink","url":"https:\/\/woblink.com\/blog\/","logo":{"@type":"ImageObject","inLanguage":"pl-PL","@id":"https:\/\/woblink.com\/blog\/#\/schema\/logo\/image\/","url":"https:\/\/i0.wp.com\/woblink.com\/blog\/wp-content\/uploads\/2019\/04\/nw_logoB.png?fit=185%2C42&ssl=1","contentUrl":"https:\/\/i0.wp.com\/woblink.com\/blog\/wp-content\/uploads\/2019\/04\/nw_logoB.png?fit=185%2C42&ssl=1","width":185,"height":42,"caption":"Woblink"},"image":{"@id":"https:\/\/woblink.com\/blog\/#\/schema\/logo\/image\/"},"sameAs":["https:\/\/facebook.com\/woblink","https:\/\/twitter.com\/woblink_com","https:\/\/www.instagram.com\/woblink_com","https:\/\/www.linkedin.com\/company\/woblink\/"]},{"@type":"Person","@id":"https:\/\/woblink.com\/blog\/#\/schema\/person\/8ab6b79d64fa54209272130c4c3b1e95","name":"Redakcja Woblinka","image":{"@type":"ImageObject","inLanguage":"pl-PL","@id":"https:\/\/woblink.com\/blog\/#\/schema\/person\/image\/","url":"https:\/\/secure.gravatar.com\/avatar\/f23ae80a7c9da060bee5f8310913478b?s=96&d=mm&r=g","contentUrl":"https:\/\/secure.gravatar.com\/avatar\/f23ae80a7c9da060bee5f8310913478b?s=96&d=mm&r=g","caption":"Redakcja Woblinka"},"url":"https:\/\/woblink.com\/blog\/author\/krasny\/"}]}},"jetpack_featured_media_url":"https:\/\/i0.wp.com\/woblink.com\/blog\/wp-content\/uploads\/harari_w_polsce.png?fit=1011%2C690&ssl=1","_links":{"self":[{"href":"https:\/\/woblink.com\/blog\/wp-json\/wp\/v2\/posts\/7112"}],"collection":[{"href":"https:\/\/woblink.com\/blog\/wp-json\/wp\/v2\/posts"}],"about":[{"href":"https:\/\/woblink.com\/blog\/wp-json\/wp\/v2\/types\/post"}],"author":[{"embeddable":true,"href":"https:\/\/woblink.com\/blog\/wp-json\/wp\/v2\/users\/7"}],"replies":[{"embeddable":true,"href":"https:\/\/woblink.com\/blog\/wp-json\/wp\/v2\/comments?post=7112"}],"version-history":[{"count":1,"href":"https:\/\/woblink.com\/blog\/wp-json\/wp\/v2\/posts\/7112\/revisions"}],"predecessor-version":[{"id":7114,"href":"https:\/\/woblink.com\/blog\/wp-json\/wp\/v2\/posts\/7112\/revisions\/7114"}],"wp:featuredmedia":[{"embeddable":true,"href":"https:\/\/woblink.com\/blog\/wp-json\/wp\/v2\/media\/7113"}],"wp:attachment":[{"href":"https:\/\/woblink.com\/blog\/wp-json\/wp\/v2\/media?parent=7112"}],"wp:term":[{"taxonomy":"category","embeddable":true,"href":"https:\/\/woblink.com\/blog\/wp-json\/wp\/v2\/categories?post=7112"},{"taxonomy":"post_tag","embeddable":true,"href":"https:\/\/woblink.com\/blog\/wp-json\/wp\/v2\/tags?post=7112"}],"curies":[{"name":"wp","href":"https:\/\/api.w.org\/{rel}","templated":true}]}}