{"id":7120,"date":"2022-04-25T13:05:11","date_gmt":"2022-04-25T11:05:11","guid":{"rendered":"https:\/\/woblink.com\/blog\/?p=7120"},"modified":"2022-04-25T13:13:31","modified_gmt":"2022-04-25T11:13:31","slug":"gospodinow-caparros-vuillard-i-kunzru-goscmi-big-book-festival-2022","status":"publish","type":"post","link":"https:\/\/woblink.com\/blog\/gospodinow-caparros-vuillard-i-kunzru-goscmi-big-book-festival-2022\/","title":{"rendered":"Gospodinow, Caparr\u00f3s, Vuillard i Kunzru go\u015b\u0107mi Big Book Festival 2022"},"content":{"rendered":"<div class=\"single-title \"><strong style=\"font-family: -apple-system, BlinkMacSystemFont, 'Segoe UI', Roboto, Oxygen-Sans, Ubuntu, Cantarell, 'Helvetica Neue', sans-serif;\">W czerwcu w Warszawie odb\u0119dzie si\u0119 dziesi\u0105ta edycja Big Book Festiwalu. W\u015br\u00f3d go\u015bci znajd\u0105 si\u0119 znakomici powie\u015bciopisarze z ca\u0142ego \u015bwiata. W\u015br\u00f3d nich warto wyr\u00f3\u017cni\u0107 takich pisarzy i pisarki jak Georgi Gospodinow, Hari Kunzru, \u00c9ric Vuillard, Martin Caparr\u00f3s czy Sonia Faleiro.<\/strong><\/div>\n<div class=\"single-data withThumb\">\n<div class=\"single-content \">\n<p><!--more--><\/p>\n<h3><strong>Dziesi\u0105ta edycja Big Book Festival<\/strong><\/h3>\n<p>Dziesi\u0105ta edycja mi\u0119dzynarodowego Big Book Festivalu potrwa od 24 do 26 czerwca w Warszawie.\u00a0Wi\u0119kszo\u015b\u0107 wydarze\u0144 odb\u0119dzie si\u0119 w kompleksie Ma\u0142a Warszawa przy ul. Otwockiej 14. Has\u0142em tegorocznej ods\u0142ony festiwalu b\u0119dzie \u201eDo widzenia, do jutra\u201d. W programie znajdzie si\u0119 blisko <strong>50 wydarze\u0144<\/strong>\u00a0scenicznych, rozm\u00f3w z autorami, dyskusji, warsztat\u00f3w i happening\u00f3w.<\/p>\n<p>W\u015br\u00f3d go\u015bci festiwalu znajd\u0105 si\u0119 m.in. <strong><a href=\"https:\/\/woblink.com\/katalog?autor=Georgi+Gospodinow\">Georgi Gospodinow<\/a><\/strong>, laureat Literackiej Nagrody Europy \u015arodkowej \u201eAngelus\u201d, <strong><a href=\"https:\/\/woblink.com\/ebook\/porzadek-dnia-eric-vuillard-238738u\">\u00c9ric Vuillard<\/a><\/strong>, laureat Nagrody Goncourt\u00f3w i finalista Nagrody Bookera, <strong><a href=\"https:\/\/woblink.com\/katalog?autor=Kunzru+Hari\">Hari Kunzru<\/a><\/strong>, <strong><a href=\"https:\/\/woblink.com\/autor\/martin-caparros-15273\">Martin Caparr\u00f3s<\/a><\/strong> oraz <strong><a href=\"https:\/\/woblink.com\/katalog?autor=Georgi+Gospodinow\">Sonia Faleiro<\/a><\/strong>.<\/p>\n<p>Po raz pierwszy Big Book Festival zawita na warszawsk\u0105 Prag\u0119. Wi\u0119kszo\u015b\u0107 wydarze\u0144 odb\u0119dzie si\u0119 w postindustrialnym kompleksie Ma\u0142a Warszawa, kt\u00f3ry znajduje si\u0119 przy ulicy Otwockiej 14. Organizatorzy zapowiadaj\u0105 powr\u00f3t do bezpo\u015brednich spotka\u0144, po przerwie zwi\u0105zanej z pandemi\u0105 koronawirusa. Wszyscy zaproszeni go\u015bcie pojawi\u0105 si\u0119 osobi\u015bcie \u2013 wydarzenia b\u0119d\u0105 darmowe oraz transmitowane online.<\/p>\n<p>Dok\u0142adny program imprezy zostanie og\u0142oszony w maju. Organizatorzy zapowiadaj\u0105, \u017ce w\u015br\u00f3d go\u015bci znajd\u0105 si\u0119 autorzy rozmaitych gatunk\u00f3w \u2013 powie\u015bci, ksi\u0105\u017cek dla dzieci i reporta\u017cy. Big Book Festival po raz pierwszy odby\u0142 si\u0119 w 2013 roku. Wydarzenie powsta\u0142o z mi\u0142o\u015bci do czytania, by\u0142 pierwszym festiwalem literackim w Warszawie. Pomys\u0142odawc\u0105 i organizatorem imprezy jest Fundacja \u201eKultura nie boli\u201d.<\/p>\n<h3 style=\"text-align: left;\"><strong>Big Book Festival 2022 \u2013 potwierdzeni go\u015bcie<\/strong><\/h3>\n<h4><strong>Martin Caparr\u00f3s (Argentyna)<\/strong><\/h4>\n<p><strong><a href=\"https:\/\/woblink.com\/autor\/martin-caparros-15273\">Martin Caparr\u00f3s<\/a><\/strong> to argenty\u0144ski dziennikarz, reporter i pisarz. Od wielu lat stale podr\u00f3\u017cuje po \u015bwiecie. Na swoim koncie ma ponad 40 ksi\u0105\u017cek, kt\u00f3re by\u0142y t\u0142umaczone na kilkadziesi\u0105t j\u0119zyk\u00f3w. Zdecydowanie najg\u0142o\u015bniejsza ksi\u0105\u017cka Argenty\u0144czyka jest reporta\u017c \u201eG\u0142\u00f3d\u201d, kt\u00f3ry powsta\u0142 po latach wypraw i setek rozm\u00f3w dotycz\u0105cych kl\u0119ski g\u0142odu, niedo\u017cywienia i dzia\u0142a\u0144 rynku \u017cywno\u015bci na \u015bwiecie. Do tej pory w Polsce, opr\u00f3cz \u201eG\u0142osu\u201d ukaza\u0142y si\u0119 tak\u017ce \u201eKsi\u0119\u017cyc. Od nowiu do nowiu\u201d i \u201e<strong><a href=\"https:\/\/woblink.com\/ebook\/dziadkowie-mart-in-caparr-os-244058u\">Dziadkowie<\/a><\/strong>\u201d. Ta ostatnia ukaza\u0142a si\u0119 w kwietniu 2022 roku. Jest to opowie\u015b\u0107 o polskich przodkach pisarza. Na przysz\u0142y tok planowana jest premiera monumentalnego reporta\u017cu <strong><a href=\"https:\/\/woblink.com\/autor\/martin-caparros-15273\">Caparr\u00f3sa<\/a><\/strong> o Ameryce Po\u0142udniowej.<\/p>\n<figure id=\"attachment_7128\" aria-describedby=\"caption-attachment-7128\" style=\"width: 191px\" class=\"wp-caption aligncenter\"><a href=\"https:\/\/woblink.com\/ebook\/dziadkowie-mart-in-caparr-os-244058u\"><img decoding=\"async\" loading=\"lazy\" class=\"wp-image-7128 size-medium\" src=\"https:\/\/i0.wp.com\/woblink.com\/blog\/wp-content\/uploads\/62561631eb956.jpeg?resize=191%2C300&#038;ssl=1\" alt=\"big book festival martin caparros\" width=\"191\" height=\"300\" srcset=\"https:\/\/i0.wp.com\/woblink.com\/blog\/wp-content\/uploads\/62561631eb956.jpeg?resize=191%2C300&amp;ssl=1 191w, https:\/\/i0.wp.com\/woblink.com\/blog\/wp-content\/uploads\/62561631eb956.jpeg?resize=420%2C660&amp;ssl=1 420w, https:\/\/i0.wp.com\/woblink.com\/blog\/wp-content\/uploads\/62561631eb956.jpeg?w=543&amp;ssl=1 543w\" sizes=\"(max-width: 191px) 100vw, 191px\" data-recalc-dims=\"1\" \/><\/a><figcaption id=\"caption-attachment-7128\" class=\"wp-caption-text\"><center><strong>Kup <a href=\"https:\/\/woblink.com\/ebook\/dziadkowie-mart-in-caparr-os-244058u\">ebooka<\/a> lub <a href=\"https:\/\/woblink.com\/ksiazka\/dziadkowie-mart-in-caparr-os-244669\">ksi\u0105\u017ck\u0119 papierow\u0105<\/a> na Woblink.com!<\/strong><\/center><\/figcaption><\/figure>\n<p><strong>Sonia Faleiro (Indie)<\/strong><\/p>\n<p>Sonia Faleiro jest pisark\u0105 i reporterk\u0105 pochodz\u0105c\u0105 z Indii. Do tej pory napisa\u0142a dziesi\u0119\u0107 ksi\u0105\u017cek reporterskich. Polscy czytelnicy mieli okazj\u0119 czyta\u0107 jej ksi\u0105\u017ck\u0119 \u201e\u015alicznotka. Nocne \u017cycie Indii\u201d, w kt\u00f3rej opisa\u0142a \u017cycie hinduskich tancerek i gangster\u00f3w z Bombaju. Niedawno nak\u0142adem Wydawnictwa Czarne ukaza\u0142 si\u0119 jej najnowszy reporta\u017c \u2013 \u201ePorz\u0105dne dziewczyny. Zbrodnia i ha\u0144ba w Indiach\u201d. To opowie\u015b\u0107 o nastoletnich ofiarach gwa\u0142t\u00f3w i licznych zab\u00f3jstw dokonywanych w Indiach. Na co dzie\u0144 Faleiro pisze dla \u201eNew York Timesa\u201d, \u201eSmithsoniana\u201d oraz magazynu \u201eGranta\u201d. Na swoim koncie ma wiele wyr\u00f3\u017cnie\u0144, w tym nagrod\u0119 KarmaVeer Puraskaar.<\/p>\n<figure id=\"attachment_7125\" aria-describedby=\"caption-attachment-7125\" style=\"width: 187px\" class=\"wp-caption aligncenter\"><a href=\"https:\/\/woblink.com\/ebook\/porzadne-dziewczyny-sonia-faleiro-243323u\"><img decoding=\"async\" loading=\"lazy\" class=\"wp-image-7125 size-medium\" src=\"https:\/\/i0.wp.com\/woblink.com\/blog\/wp-content\/uploads\/6256193fa1262-1.jpeg?resize=187%2C300&#038;ssl=1\" alt=\"sonia faleiro big book festival 2022\" width=\"187\" height=\"300\" srcset=\"https:\/\/i0.wp.com\/woblink.com\/blog\/wp-content\/uploads\/6256193fa1262-1.jpeg?resize=187%2C300&amp;ssl=1 187w, https:\/\/i0.wp.com\/woblink.com\/blog\/wp-content\/uploads\/6256193fa1262-1.jpeg?w=533&amp;ssl=1 533w\" sizes=\"(max-width: 187px) 100vw, 187px\" data-recalc-dims=\"1\" \/><\/a><figcaption id=\"caption-attachment-7125\" class=\"wp-caption-text\"><center><strong>Kup <a href=\"https:\/\/woblink.com\/ebook\/porzadne-dziewczyny-sonia-faleiro-243323u\">ebooka<\/a> lub <a href=\"https:\/\/woblink.com\/ksiazka\/porzadne-dziewczyny-zbrodnia-i-ha-nba-w-indiach-sonia-faleiro-243491\">ksi\u0105\u017ck\u0119 papierow\u0105<\/a> na Woblink.com!<\/strong><\/center><\/figcaption><\/figure>\n<p><strong>Georgi Gospodinow (Bu\u0142garia)<\/strong><\/p>\n<p><strong><a href=\"https:\/\/woblink.com\/katalog?autor=Georgi+Gospodinow\">Georgi Gospodinow<\/a><\/strong> nale\u017cy do grona najwa\u017cniejszych wsp\u00f3\u0142czesnych pisarzy pochodz\u0105cych z Europy \u015arodkowej. Jest powie\u015bciopisarzem, autorem dramat\u00f3w i scenariuszy, na swoim koncie ma r\u00f3wnie\u017c tomy poetyckie oraz libretto do opery. Z roku na rok coraz cz\u0119\u015bciej wymieniany jest w\u015br\u00f3d potencjalnych kandydat\u00f3w do Nagrody Nobla w dziedzinie literatury. Za powie\u015b\u0107 \u201e<strong><a href=\"https:\/\/woblink.com\/ebook\/fizyka-smutku-georgi-gospodinow-128745u\">Fizyka smutku<\/a><\/strong>\u201d otrzyma\u0142 Literack\u0105 Nagrod\u0119 Europy \u015arodkowej. \u201eAngelus\u201d.<\/p>\n<p>Najnowsza powie\u015b\u0107 Gospodinowa \u2013\u201e<strong><a href=\"https:\/\/woblink.com\/ebook\/schron-przeciwczasowy-georgi-gospodinow-235097u\">Schron przeciwczasowy<\/a><\/strong>\u201d \u2013 to sentymentalna podr\u00f3\u017c, w kt\u00f3rej przesz\u0142o\u015b\u0107 staje si\u0119 remedium na problemy tera\u017aniejszo\u015bci. Bohater ksi\u0105\u017cki \u2013 Gaustyn, osobliwy i niestrudzony wynalazca \u2013 w\u0119druje w czasie. Swoj\u0105 ide\u0119 niesienia innym pomocy realizuje w wyj\u0105tkowej klinice przesz\u0142o\u015bci w Szwajcarii, kt\u00f3r\u0105 zak\u0142ada dla os\u00f3b cierpi\u0105cych na chorob\u0119 Alzheimera. Pacjenci mog\u0105 wybiera\u0107 spo\u015br\u00f3d wszystkich minionych dekad XX wieku, by odnale\u017a\u0107 swoj\u0105 bezpieczn\u0105 przestrze\u0144. Wkr\u00f3tce oferowana przez Gaustyna kuracja przyci\u0105ga nie tylko chorych, ale tak\u017ce wszystkich tych, kt\u00f3rzy chcieliby powr\u00f3ci\u0107 do szcz\u0119\u015bliwych chwil. Klinika odblokowuje ich wspomnienia, przywracaj\u0105c czas, w kt\u00f3rym czuli spok\u00f3j i spe\u0142nienie.<\/p>\n<figure id=\"attachment_5766\" aria-describedby=\"caption-attachment-5766\" style=\"width: 190px\" class=\"wp-caption aligncenter\"><a href=\"https:\/\/woblink.com\/ebook\/schron-przeciwczasowy-georgi-gospodinow-235097u\"><img decoding=\"async\" loading=\"lazy\" class=\"wp-image-5766 size-medium\" src=\"https:\/\/i0.wp.com\/woblink.com\/blog\/wp-content\/uploads\/2021\/12\/GOSPODINOW.png?resize=190%2C300&#038;ssl=1\" alt=\"georgi gospodinow schron przeciwczasowy big book 2022\" width=\"190\" height=\"300\" srcset=\"https:\/\/i0.wp.com\/woblink.com\/blog\/wp-content\/uploads\/2021\/12\/GOSPODINOW.png?resize=190%2C300&amp;ssl=1 190w, https:\/\/i0.wp.com\/woblink.com\/blog\/wp-content\/uploads\/2021\/12\/GOSPODINOW.png?w=227&amp;ssl=1 227w\" sizes=\"(max-width: 190px) 100vw, 190px\" data-recalc-dims=\"1\" \/><\/a><figcaption id=\"caption-attachment-5766\" class=\"wp-caption-text\"><center><strong>Kup <a href=\"https:\/\/woblink.com\/ebook\/schron-przeciwczasowy-georgi-gospodinow-235097u\">ebooka<\/a> lub <a href=\"https:\/\/woblink.com\/ksiazka\/schron-przeciwczasowy-georgi-gospodinow-235390\">ksi\u0105\u017ck\u0119 papierow\u0105<\/a> na Woblink.com<\/strong><\/center><\/figcaption><\/figure>\n<h4><strong>Ulrich Hub (Niemcy)<\/strong><\/h4>\n<p><strong><a href=\"https:\/\/woblink.com\/ksiazka\/lisy-nie-klamia-ulrich-hub-236194\">Ulrich Hub<\/a><\/strong> to wielokrotnie nagradzany dramaturg, re\u017cyser i autor powie\u015bci. Hub ma wykszta\u0142cenie aktorskie, przez kilka lat wyst\u0119powa\u0142 w teatrze. Od pocz\u0105tku lat 90. pracuje jako re\u017cyser i tworzy sztuki teatralne oraz ksi\u0105\u017cki dla dzieci. W Polsce, nak\u0142adem Wydawnictwa Dwie Siostry ukaza\u0142y si\u0119 takie ksi\u0105\u017cki, jak \u201eO \u00f3smej na arce\u201d, \u201eLisy nie k\u0142ami\u0105\u201d czy \u201eOstatnia owca\u201d.<\/p>\n<figure id=\"attachment_7129\" aria-describedby=\"caption-attachment-7129\" style=\"width: 216px\" class=\"wp-caption aligncenter\"><a href=\"https:\/\/woblink.com\/ksiazka\/lisy-nie-klamia-ulrich-hub-236194\"><img decoding=\"async\" loading=\"lazy\" class=\"wp-image-7129 size-medium\" src=\"https:\/\/i0.wp.com\/woblink.com\/blog\/wp-content\/uploads\/61fbdc5a7c390.jpeg?resize=216%2C300&#038;ssl=1\" alt=\"lisy nie klami\u0105 bog book 2022\" width=\"216\" height=\"300\" srcset=\"https:\/\/i0.wp.com\/woblink.com\/blog\/wp-content\/uploads\/61fbdc5a7c390.jpeg?resize=216%2C300&amp;ssl=1 216w, https:\/\/i0.wp.com\/woblink.com\/blog\/wp-content\/uploads\/61fbdc5a7c390.jpeg?w=500&amp;ssl=1 500w\" sizes=\"(max-width: 216px) 100vw, 216px\" data-recalc-dims=\"1\" \/><\/a><figcaption id=\"caption-attachment-7129\" class=\"wp-caption-text\"><center><strong>Kup <a href=\"https:\/\/woblink.com\/ksiazka\/lisy-nie-klamia-ulrich-hub-236194\">ksi\u0105\u017ck\u0119 papierow\u0105<\/a> na Woblink.com<\/strong><\/center><\/figcaption><\/figure>\n<h4><strong>Gabriel Krauze (Wielka Brytania)<\/strong><\/h4>\n<p>Kolejnym go\u015bciem Big Book Festivalu 2022 b\u0119dzie brytyjski pisarz polskiego pochodzenia. W przesz\u0142o\u015bci Krauze nale\u017ca\u0142 do gangu na osiedlu South Kilburn, na szcz\u0119\u015bcie pisanie pozwoli\u0142o mu porzuci\u0107 dzia\u0142alno\u015b\u0107 przest\u0119pcz\u0105. Za swoj\u0105 debiutanck\u0105 powie\u015b\u0107 \u201eTu byli, tak stali\u201d otrzyma\u0142 nominacj\u0119 do Nagrody Bookera. Ksi\u0105\u017cka w\u0142a\u015bnie ukazuje si\u0119 w Polsce nak\u0142adem Wydawnictwa Czarne w przek\u0142adzie Tomasza S. Ga\u0142\u0105zki.<\/p>\n<p><img decoding=\"async\" loading=\"lazy\" class=\"size-medium wp-image-7130 aligncenter\" src=\"https:\/\/i0.wp.com\/woblink.com\/blog\/wp-content\/uploads\/624abe91b1514.jpeg?resize=182%2C300&#038;ssl=1\" alt=\"\" width=\"182\" height=\"300\" srcset=\"https:\/\/i0.wp.com\/woblink.com\/blog\/wp-content\/uploads\/624abe91b1514.jpeg?resize=182%2C300&amp;ssl=1 182w, https:\/\/i0.wp.com\/woblink.com\/blog\/wp-content\/uploads\/624abe91b1514.jpeg?w=500&amp;ssl=1 500w\" sizes=\"(max-width: 182px) 100vw, 182px\" data-recalc-dims=\"1\" \/><\/p>\n<h4><b>Hari Kunzru (Wielka Brytania)<\/b><\/h4>\n<p>Hari Kunzru urodzi\u0142 si\u0119 w Londynie, ale ma korzenie indyjskie. Od wielu lat mieszka i tworzy w Stanach Zjednoczonyc, na Uniwersytecie w Nowym Jorku wyk\u0142ada creative writing. Pisarz debiutowa\u0142 w 2002 roku ksi\u0105\u017ck\u0105 \u201eImpresjonista\u201d \u2013 opowie\u015bci\u0105 o ch\u0142opaku pochodz\u0105cym ze zwi\u0105zku Brytyjczyka i Hinduski w kolonialnych Indiach. Ksi\u0105\u017cka bardzo szybko zyska\u0142a rozg\u0142os, zapewniaj\u0105c Kunzru pozycj\u0119 jednego z najlepiej op\u0142acanych pisarzy m\u0142odego pokolenia. W Polsce ukaza\u0142a si\u0119 r\u00f3wnie\u017c ksi\u0105\u017cka \u201eBia\u0142e \u0142zy\u201d, a w tym roku swoj\u0105 premier\u0119 b\u0119dzie mia\u0142o t\u0142umaczenie \u201eCzerwonej pigu\u0142ki\u201d. Powie\u015b\u0107 uka\u017ce si\u0119 nak\u0142adem Domu Wydawniczego Rebis w t\u0142umaczeniu Katarzyny Kar\u0142owskiej.<\/p>\n<p><img decoding=\"async\" loading=\"lazy\" class=\"size-medium wp-image-7131 aligncenter\" src=\"https:\/\/i0.wp.com\/woblink.com\/blog\/wp-content\/uploads\/5fbf8e2d08e9d.jpeg?resize=220%2C300&#038;ssl=1\" alt=\"\" width=\"220\" height=\"300\" srcset=\"https:\/\/i0.wp.com\/woblink.com\/blog\/wp-content\/uploads\/5fbf8e2d08e9d.jpeg?resize=220%2C300&amp;ssl=1 220w, https:\/\/i0.wp.com\/woblink.com\/blog\/wp-content\/uploads\/5fbf8e2d08e9d.jpeg?w=500&amp;ssl=1 500w\" sizes=\"(max-width: 220px) 100vw, 220px\" data-recalc-dims=\"1\" \/><\/p>\n<h4><strong>Megan Nolan (Irlandia)<\/strong><\/h4>\n<p><strong><a href=\"https:\/\/woblink.com\/katalog?autor=Megan+Nolan\">Megan Nolan<\/a><\/strong> to pochodz\u0105ca z Irlandii krytyczka i publicystka m\u0142odego pokolenia. Nolan pochodzi z rodziny artsytycznej, studiowa\u0142a filmoznawstwo na Trinity College. Na co dzie\u0144 recenzuje literatur\u0119 dla \u201e<strong><a href=\"https:\/\/www.nytimes.com\/\">New York Timesa<\/a><\/strong>\u201d i \u201e<strong><a href=\"https:\/\/www.theguardian.com\/international\">Guardiana<\/a><\/strong>\u201d. W Polsce mo\u017cemy zna\u0107 Nolan dzi\u0119ki t\u0142umaczeniu jej debiutanckiej powie\u015bci \u201eAkty desperacji\u201d, kt\u00f3ra ukaza\u0142a si\u0119 nak\u0142adem Wydawnictwa Filtry (t\u0142um. Aga Zano).<\/p>\n<figure id=\"attachment_7121\" aria-describedby=\"caption-attachment-7121\" style=\"width: 200px\" class=\"wp-caption aligncenter\"><a href=\"https:\/\/woblink.com\/ebook\/akty-desperacji-megan-nolan-241240u\"><img decoding=\"async\" loading=\"lazy\" class=\"wp-image-7121 size-medium\" src=\"https:\/\/i0.wp.com\/woblink.com\/blog\/wp-content\/uploads\/62288da8e5337.jpeg?resize=200%2C300&#038;ssl=1\" alt=\"big book festival 2022 megan nolan\" width=\"200\" height=\"300\" srcset=\"https:\/\/i0.wp.com\/woblink.com\/blog\/wp-content\/uploads\/62288da8e5337.jpeg?resize=200%2C300&amp;ssl=1 200w, https:\/\/i0.wp.com\/woblink.com\/blog\/wp-content\/uploads\/62288da8e5337.jpeg?w=570&amp;ssl=1 570w\" sizes=\"(max-width: 200px) 100vw, 200px\" data-recalc-dims=\"1\" \/><\/a><figcaption id=\"caption-attachment-7121\" class=\"wp-caption-text\"><center><strong>Kup <a href=\"https:\/\/woblink.com\/ebook\/akty-desperacji-megan-nolan-241240u\">ebooka<\/a> lub <a href=\"https:\/\/woblink.com\/ksiazka\/akty-desperacji-megan-nolan-242413\">ksi\u0105\u017ck\u0119 papierow\u0105<\/a> na Woblink.com!<\/strong><\/center><\/figcaption><\/figure>\n<h4><b>Karin Smirnoff (Szwecja) <\/b><\/h4>\n<p>Karin Smirnoff to dziennikarka, kt\u00f3ra debiutowa\u0142a stosunkowo p\u00f3\u017ano, w 2018 roku, b\u0119d\u0105c po pi\u0119\u0107dziesi\u0105tce. Mowa o powie\u015bci \u201ePojecha\u0142am do brata na po\u0142udnie\u201d, kt\u00f3ra w Polsce uka\u017ce si\u0119 w maju 2022 roku nak\u0142adem Wydawnictwa Pozna\u0144skiego. To pierwsza cz\u0119\u015b\u0107 sagi po\u015bwi\u0119cona rodzinie Kipp\u00f3w. Kolejne dwie ods\u0142ony cyklu sta\u0142y si\u0119 w Szwecji bestsellerami, a autorka otrzyma\u0142a za nie nominacje do wa\u017cnych nagr\u00f3d literackich.<\/p>\n<p><img decoding=\"async\" loading=\"lazy\" class=\"size-medium wp-image-7132 aligncenter\" src=\"https:\/\/i0.wp.com\/woblink.com\/blog\/wp-content\/uploads\/977229-352x500.jpeg?resize=211%2C300&#038;ssl=1\" alt=\"\" width=\"211\" height=\"300\" srcset=\"https:\/\/i0.wp.com\/woblink.com\/blog\/wp-content\/uploads\/977229-352x500.jpeg?resize=211%2C300&amp;ssl=1 211w, https:\/\/i0.wp.com\/woblink.com\/blog\/wp-content\/uploads\/977229-352x500.jpeg?resize=352%2C500&amp;ssl=1 352w\" sizes=\"(max-width: 211px) 100vw, 211px\" data-recalc-dims=\"1\" \/><\/p>\n<h4><strong>\u00c9ric Vuillard (Francja)<\/strong><\/h4>\n<p>Vuillard to jeden z najwa\u017cniejszych wsp\u00f3\u0142czesnych pisarzy i scenarzyst\u00f3w francuskich. Najwi\u0119ksz\u0105 s\u0142aw\u0119 przynios\u0142a mu niewielka powie\u015b\u0107 \u201ePorz\u0105dek dnia\u201d, w kt\u00f3rej opisa\u0142 kilka kluczowych spotka\u0144 przedstawicieli europejskich elit w\u0142adzy i niemieckich biznesmen\u00f3w, kt\u00f3re pozwoli\u0142y Hitlerowi na osi\u0105gni\u0119cie pe\u0142nej kontroli nad spo\u0142ecze\u0144stwem w Niemczech. To mocna, wstrz\u0105saj\u0105ca i minimalistyczna proza, w kt\u00f3rej autor przedstawi\u0142 uniwersalne mechanizmy dzia\u0142ania z\u0142a. W 2017 roku Vuillard otrzyma\u0142 za t\u0119 powie\u015b\u0107 presti\u017cow\u0105 Nagrod\u0119 Goncourt\u00f3w, a angielskie t\u0142umaczenie ksi\u0105\u017cki znalaz\u0142o si\u0119 w finale Mi\u0119dzynarodowej Nagrody Bookera w 2021 roku.<\/p>\n<figure id=\"attachment_7123\" aria-describedby=\"caption-attachment-7123\" style=\"width: 190px\" class=\"wp-caption aligncenter\"><a href=\"https:\/\/woblink.com\/ebook\/porzadek-dnia-eric-vuillard-238738u\"><img decoding=\"async\" loading=\"lazy\" class=\"wp-image-7123 size-medium\" src=\"https:\/\/i0.wp.com\/woblink.com\/blog\/wp-content\/uploads\/623139237c839.jpeg?resize=190%2C300&#038;ssl=1\" alt=\"bog book festival 2022 eric vuillard\" width=\"190\" height=\"300\" srcset=\"https:\/\/i0.wp.com\/woblink.com\/blog\/wp-content\/uploads\/623139237c839.jpeg?resize=190%2C300&amp;ssl=1 190w, https:\/\/i0.wp.com\/woblink.com\/blog\/wp-content\/uploads\/623139237c839.jpeg?resize=420%2C660&amp;ssl=1 420w, https:\/\/i0.wp.com\/woblink.com\/blog\/wp-content\/uploads\/623139237c839.jpeg?w=542&amp;ssl=1 542w\" sizes=\"(max-width: 190px) 100vw, 190px\" data-recalc-dims=\"1\" \/><\/a><figcaption id=\"caption-attachment-7123\" class=\"wp-caption-text\"><center><strong>Kup <a href=\"https:\/\/woblink.com\/ebook\/porzadek-dnia-eric-vuillard-238738u\">ebooka<\/a> lub <a href=\"https:\/\/woblink.com\/ksiazka\/porzadek-dnia-eric-vuillard-239037\">ksi\u0105\u017ck\u0119 papierow\u0105<\/a> na Woblink.com!<\/strong><\/center><\/figcaption><\/figure>\n<p>Wi\u0119cej informacji znajdziecie tutaj: <a href=\"https:\/\/bigbookcafe.us16.list-manage.com\/track\/click?u=dceb579a37bdf7cce585d6a00&amp;id=2052991b30&amp;e=0f8adc76db\"><strong>bigbookfestival.pl<\/strong><\/a>\u00a0oraz\u00a0<strong><a href=\"https:\/\/bigbookcafe.us16.list-manage.com\/track\/click?u=dceb579a37bdf7cce585d6a00&amp;id=ec35cba61f&amp;e=0f8adc76db\">facebook.com\/bigbookfestiva<\/a><\/strong><a href=\"https:\/\/bigbookcafe.us16.list-manage.com\/track\/click?u=dceb579a37bdf7cce585d6a00&amp;id=5e3f7d2929&amp;e=0f8adc76db\"><strong>l<\/strong><\/a><\/p>\n<\/div>\n<\/div>\n<p>&nbsp;<\/p>\n","protected":false},"excerpt":{"rendered":"<p>W czerwcu w Warszawie odb\u0119dzie si\u0119 dziesi\u0105ta edycja Big Book Festiwalu. W\u015br\u00f3d go\u015bci znajd\u0105 si\u0119 znakomici powie\u015bciopisarze z ca\u0142ego \u015bwiata. W\u015br\u00f3d nich warto wyr\u00f3\u017cni\u0107 takich pisarzy i pisarki jak Georgi Gospodinow, Hari Kunzru, \u00c9ric Vuillard, Martin Caparr\u00f3s czy Sonia Faleiro. Dziesi\u0105ta edycja Big Book Festival&#8230;<\/p>\n","protected":false},"author":7,"featured_media":7122,"comment_status":"closed","ping_status":"open","sticky":false,"template":"","format":"standard","meta":[],"categories":[87],"tags":[],"yoast_head":"<!-- This site is optimized with the Yoast SEO plugin v20.11 - https:\/\/yoast.com\/wordpress\/plugins\/seo\/ -->\n<title>Gospodinow, Caparr\u00f3s, Vuillard i Kunzru go\u015b\u0107mi Big Book Festival 2022 - Woblink<\/title>\n<meta name=\"robots\" content=\"index, follow, max-snippet:-1, max-image-preview:large, max-video-preview:-1\" \/>\n<link rel=\"canonical\" href=\"https:\/\/woblink.com\/blog\/gospodinow-caparros-vuillard-i-kunzru-goscmi-big-book-festival-2022\/\" \/>\n<meta property=\"og:locale\" content=\"pl_PL\" \/>\n<meta property=\"og:type\" content=\"article\" \/>\n<meta property=\"og:title\" content=\"Gospodinow, Caparr\u00f3s, Vuillard i Kunzru go\u015b\u0107mi Big Book Festival 2022 - Woblink\" \/>\n<meta property=\"og:description\" content=\"W czerwcu w Warszawie odb\u0119dzie si\u0119 dziesi\u0105ta edycja Big Book Festiwalu. W\u015br\u00f3d go\u015bci znajd\u0105 si\u0119 znakomici powie\u015bciopisarze z ca\u0142ego \u015bwiata. W\u015br\u00f3d nich warto wyr\u00f3\u017cni\u0107 takich pisarzy i pisarki jak Georgi Gospodinow, Hari Kunzru, \u00c9ric Vuillard, Martin Caparr\u00f3s czy Sonia Faleiro. Dziesi\u0105ta edycja Big Book Festival...\" \/>\n<meta property=\"og:url\" content=\"https:\/\/woblink.com\/blog\/gospodinow-caparros-vuillard-i-kunzru-goscmi-big-book-festival-2022\/\" \/>\n<meta property=\"og:site_name\" content=\"Woblink\" \/>\n<meta property=\"article:publisher\" content=\"https:\/\/facebook.com\/woblink\" \/>\n<meta property=\"article:published_time\" content=\"2022-04-25T11:05:11+00:00\" \/>\n<meta property=\"article:modified_time\" content=\"2022-04-25T11:13:31+00:00\" \/>\n<meta property=\"og:image\" content=\"https:\/\/i0.wp.com\/woblink.com\/blog\/wp-content\/uploads\/big-book-festival.png?fit=1011%2C690&ssl=1\" \/>\n\t<meta property=\"og:image:width\" content=\"1011\" \/>\n\t<meta property=\"og:image:height\" content=\"690\" \/>\n\t<meta property=\"og:image:type\" content=\"image\/png\" \/>\n<meta name=\"author\" content=\"Redakcja Woblinka\" \/>\n<meta name=\"twitter:card\" content=\"summary_large_image\" \/>\n<meta name=\"twitter:creator\" content=\"@woblink_com\" \/>\n<meta name=\"twitter:site\" content=\"@woblink_com\" \/>\n<meta name=\"twitter:label1\" content=\"Napisane przez\" \/>\n\t<meta name=\"twitter:data1\" content=\"Redakcja Woblinka\" \/>\n\t<meta name=\"twitter:label2\" content=\"Szacowany czas czytania\" \/>\n\t<meta name=\"twitter:data2\" content=\"7 minut\" \/>\n<script type=\"application\/ld+json\" class=\"yoast-schema-graph\">{\"@context\":\"https:\/\/schema.org\",\"@graph\":[{\"@type\":\"Article\",\"@id\":\"https:\/\/woblink.com\/blog\/gospodinow-caparros-vuillard-i-kunzru-goscmi-big-book-festival-2022\/#article\",\"isPartOf\":{\"@id\":\"https:\/\/woblink.com\/blog\/gospodinow-caparros-vuillard-i-kunzru-goscmi-big-book-festival-2022\/\"},\"author\":{\"name\":\"Redakcja Woblinka\",\"@id\":\"https:\/\/woblink.com\/blog\/#\/schema\/person\/8ab6b79d64fa54209272130c4c3b1e95\"},\"headline\":\"Gospodinow, Caparr\u00f3s, Vuillard i Kunzru go\u015b\u0107mi Big Book Festival 2022\",\"datePublished\":\"2022-04-25T11:05:11+00:00\",\"dateModified\":\"2022-04-25T11:13:31+00:00\",\"mainEntityOfPage\":{\"@id\":\"https:\/\/woblink.com\/blog\/gospodinow-caparros-vuillard-i-kunzru-goscmi-big-book-festival-2022\/\"},\"wordCount\":1347,\"publisher\":{\"@id\":\"https:\/\/woblink.com\/blog\/#organization\"},\"articleSection\":[\"Aktualno\u015bci\"],\"inLanguage\":\"pl-PL\"},{\"@type\":\"WebPage\",\"@id\":\"https:\/\/woblink.com\/blog\/gospodinow-caparros-vuillard-i-kunzru-goscmi-big-book-festival-2022\/\",\"url\":\"https:\/\/woblink.com\/blog\/gospodinow-caparros-vuillard-i-kunzru-goscmi-big-book-festival-2022\/\",\"name\":\"Gospodinow, Caparr\u00f3s, Vuillard i Kunzru go\u015b\u0107mi Big Book Festival 2022 - Woblink\",\"isPartOf\":{\"@id\":\"https:\/\/woblink.com\/blog\/#website\"},\"datePublished\":\"2022-04-25T11:05:11+00:00\",\"dateModified\":\"2022-04-25T11:13:31+00:00\",\"breadcrumb\":{\"@id\":\"https:\/\/woblink.com\/blog\/gospodinow-caparros-vuillard-i-kunzru-goscmi-big-book-festival-2022\/#breadcrumb\"},\"inLanguage\":\"pl-PL\",\"potentialAction\":[{\"@type\":\"ReadAction\",\"target\":[\"https:\/\/woblink.com\/blog\/gospodinow-caparros-vuillard-i-kunzru-goscmi-big-book-festival-2022\/\"]}]},{\"@type\":\"BreadcrumbList\",\"@id\":\"https:\/\/woblink.com\/blog\/gospodinow-caparros-vuillard-i-kunzru-goscmi-big-book-festival-2022\/#breadcrumb\",\"itemListElement\":[{\"@type\":\"ListItem\",\"position\":1,\"name\":\"Strona g\u0142\u00f3wna\",\"item\":\"https:\/\/woblink.com\/blog\/\"},{\"@type\":\"ListItem\",\"position\":2,\"name\":\"Gospodinow, Caparr\u00f3s, Vuillard i Kunzru go\u015b\u0107mi Big Book Festival 2022\"}]},{\"@type\":\"WebSite\",\"@id\":\"https:\/\/woblink.com\/blog\/#website\",\"url\":\"https:\/\/woblink.com\/blog\/\",\"name\":\"Woblink\",\"description\":\"najlepszy firmowy blog o ksi\u0105\u017ckach\",\"publisher\":{\"@id\":\"https:\/\/woblink.com\/blog\/#organization\"},\"potentialAction\":[{\"@type\":\"SearchAction\",\"target\":{\"@type\":\"EntryPoint\",\"urlTemplate\":\"https:\/\/woblink.com\/blog\/?s={search_term_string}\"},\"query-input\":\"required name=search_term_string\"}],\"inLanguage\":\"pl-PL\"},{\"@type\":\"Organization\",\"@id\":\"https:\/\/woblink.com\/blog\/#organization\",\"name\":\"Woblink\",\"url\":\"https:\/\/woblink.com\/blog\/\",\"logo\":{\"@type\":\"ImageObject\",\"inLanguage\":\"pl-PL\",\"@id\":\"https:\/\/woblink.com\/blog\/#\/schema\/logo\/image\/\",\"url\":\"https:\/\/i0.wp.com\/woblink.com\/blog\/wp-content\/uploads\/2019\/04\/nw_logoB.png?fit=185%2C42&ssl=1\",\"contentUrl\":\"https:\/\/i0.wp.com\/woblink.com\/blog\/wp-content\/uploads\/2019\/04\/nw_logoB.png?fit=185%2C42&ssl=1\",\"width\":185,\"height\":42,\"caption\":\"Woblink\"},\"image\":{\"@id\":\"https:\/\/woblink.com\/blog\/#\/schema\/logo\/image\/\"},\"sameAs\":[\"https:\/\/facebook.com\/woblink\",\"https:\/\/twitter.com\/woblink_com\",\"https:\/\/www.instagram.com\/woblink_com\",\"https:\/\/www.linkedin.com\/company\/woblink\/\"]},{\"@type\":\"Person\",\"@id\":\"https:\/\/woblink.com\/blog\/#\/schema\/person\/8ab6b79d64fa54209272130c4c3b1e95\",\"name\":\"Redakcja Woblinka\",\"image\":{\"@type\":\"ImageObject\",\"inLanguage\":\"pl-PL\",\"@id\":\"https:\/\/woblink.com\/blog\/#\/schema\/person\/image\/\",\"url\":\"https:\/\/secure.gravatar.com\/avatar\/f23ae80a7c9da060bee5f8310913478b?s=96&d=mm&r=g\",\"contentUrl\":\"https:\/\/secure.gravatar.com\/avatar\/f23ae80a7c9da060bee5f8310913478b?s=96&d=mm&r=g\",\"caption\":\"Redakcja Woblinka\"},\"url\":\"https:\/\/woblink.com\/blog\/author\/krasny\/\"}]}<\/script>\n<!-- \/ Yoast SEO plugin. -->","yoast_head_json":{"title":"Gospodinow, Caparr\u00f3s, Vuillard i Kunzru go\u015b\u0107mi Big Book Festival 2022 - Woblink","robots":{"index":"index","follow":"follow","max-snippet":"max-snippet:-1","max-image-preview":"max-image-preview:large","max-video-preview":"max-video-preview:-1"},"canonical":"https:\/\/woblink.com\/blog\/gospodinow-caparros-vuillard-i-kunzru-goscmi-big-book-festival-2022\/","og_locale":"pl_PL","og_type":"article","og_title":"Gospodinow, Caparr\u00f3s, Vuillard i Kunzru go\u015b\u0107mi Big Book Festival 2022 - Woblink","og_description":"W czerwcu w Warszawie odb\u0119dzie si\u0119 dziesi\u0105ta edycja Big Book Festiwalu. W\u015br\u00f3d go\u015bci znajd\u0105 si\u0119 znakomici powie\u015bciopisarze z ca\u0142ego \u015bwiata. W\u015br\u00f3d nich warto wyr\u00f3\u017cni\u0107 takich pisarzy i pisarki jak Georgi Gospodinow, Hari Kunzru, \u00c9ric Vuillard, Martin Caparr\u00f3s czy Sonia Faleiro. Dziesi\u0105ta edycja Big Book Festival...","og_url":"https:\/\/woblink.com\/blog\/gospodinow-caparros-vuillard-i-kunzru-goscmi-big-book-festival-2022\/","og_site_name":"Woblink","article_publisher":"https:\/\/facebook.com\/woblink","article_published_time":"2022-04-25T11:05:11+00:00","article_modified_time":"2022-04-25T11:13:31+00:00","og_image":[{"width":1011,"height":690,"url":"https:\/\/i0.wp.com\/woblink.com\/blog\/wp-content\/uploads\/big-book-festival.png?fit=1011%2C690&ssl=1","type":"image\/png"}],"author":"Redakcja Woblinka","twitter_card":"summary_large_image","twitter_creator":"@woblink_com","twitter_site":"@woblink_com","twitter_misc":{"Napisane przez":"Redakcja Woblinka","Szacowany czas czytania":"7 minut"},"schema":{"@context":"https:\/\/schema.org","@graph":[{"@type":"Article","@id":"https:\/\/woblink.com\/blog\/gospodinow-caparros-vuillard-i-kunzru-goscmi-big-book-festival-2022\/#article","isPartOf":{"@id":"https:\/\/woblink.com\/blog\/gospodinow-caparros-vuillard-i-kunzru-goscmi-big-book-festival-2022\/"},"author":{"name":"Redakcja Woblinka","@id":"https:\/\/woblink.com\/blog\/#\/schema\/person\/8ab6b79d64fa54209272130c4c3b1e95"},"headline":"Gospodinow, Caparr\u00f3s, Vuillard i Kunzru go\u015b\u0107mi Big Book Festival 2022","datePublished":"2022-04-25T11:05:11+00:00","dateModified":"2022-04-25T11:13:31+00:00","mainEntityOfPage":{"@id":"https:\/\/woblink.com\/blog\/gospodinow-caparros-vuillard-i-kunzru-goscmi-big-book-festival-2022\/"},"wordCount":1347,"publisher":{"@id":"https:\/\/woblink.com\/blog\/#organization"},"articleSection":["Aktualno\u015bci"],"inLanguage":"pl-PL"},{"@type":"WebPage","@id":"https:\/\/woblink.com\/blog\/gospodinow-caparros-vuillard-i-kunzru-goscmi-big-book-festival-2022\/","url":"https:\/\/woblink.com\/blog\/gospodinow-caparros-vuillard-i-kunzru-goscmi-big-book-festival-2022\/","name":"Gospodinow, Caparr\u00f3s, Vuillard i Kunzru go\u015b\u0107mi Big Book Festival 2022 - Woblink","isPartOf":{"@id":"https:\/\/woblink.com\/blog\/#website"},"datePublished":"2022-04-25T11:05:11+00:00","dateModified":"2022-04-25T11:13:31+00:00","breadcrumb":{"@id":"https:\/\/woblink.com\/blog\/gospodinow-caparros-vuillard-i-kunzru-goscmi-big-book-festival-2022\/#breadcrumb"},"inLanguage":"pl-PL","potentialAction":[{"@type":"ReadAction","target":["https:\/\/woblink.com\/blog\/gospodinow-caparros-vuillard-i-kunzru-goscmi-big-book-festival-2022\/"]}]},{"@type":"BreadcrumbList","@id":"https:\/\/woblink.com\/blog\/gospodinow-caparros-vuillard-i-kunzru-goscmi-big-book-festival-2022\/#breadcrumb","itemListElement":[{"@type":"ListItem","position":1,"name":"Strona g\u0142\u00f3wna","item":"https:\/\/woblink.com\/blog\/"},{"@type":"ListItem","position":2,"name":"Gospodinow, Caparr\u00f3s, Vuillard i Kunzru go\u015b\u0107mi Big Book Festival 2022"}]},{"@type":"WebSite","@id":"https:\/\/woblink.com\/blog\/#website","url":"https:\/\/woblink.com\/blog\/","name":"Woblink","description":"najlepszy firmowy blog o ksi\u0105\u017ckach","publisher":{"@id":"https:\/\/woblink.com\/blog\/#organization"},"potentialAction":[{"@type":"SearchAction","target":{"@type":"EntryPoint","urlTemplate":"https:\/\/woblink.com\/blog\/?s={search_term_string}"},"query-input":"required name=search_term_string"}],"inLanguage":"pl-PL"},{"@type":"Organization","@id":"https:\/\/woblink.com\/blog\/#organization","name":"Woblink","url":"https:\/\/woblink.com\/blog\/","logo":{"@type":"ImageObject","inLanguage":"pl-PL","@id":"https:\/\/woblink.com\/blog\/#\/schema\/logo\/image\/","url":"https:\/\/i0.wp.com\/woblink.com\/blog\/wp-content\/uploads\/2019\/04\/nw_logoB.png?fit=185%2C42&ssl=1","contentUrl":"https:\/\/i0.wp.com\/woblink.com\/blog\/wp-content\/uploads\/2019\/04\/nw_logoB.png?fit=185%2C42&ssl=1","width":185,"height":42,"caption":"Woblink"},"image":{"@id":"https:\/\/woblink.com\/blog\/#\/schema\/logo\/image\/"},"sameAs":["https:\/\/facebook.com\/woblink","https:\/\/twitter.com\/woblink_com","https:\/\/www.instagram.com\/woblink_com","https:\/\/www.linkedin.com\/company\/woblink\/"]},{"@type":"Person","@id":"https:\/\/woblink.com\/blog\/#\/schema\/person\/8ab6b79d64fa54209272130c4c3b1e95","name":"Redakcja Woblinka","image":{"@type":"ImageObject","inLanguage":"pl-PL","@id":"https:\/\/woblink.com\/blog\/#\/schema\/person\/image\/","url":"https:\/\/secure.gravatar.com\/avatar\/f23ae80a7c9da060bee5f8310913478b?s=96&d=mm&r=g","contentUrl":"https:\/\/secure.gravatar.com\/avatar\/f23ae80a7c9da060bee5f8310913478b?s=96&d=mm&r=g","caption":"Redakcja Woblinka"},"url":"https:\/\/woblink.com\/blog\/author\/krasny\/"}]}},"jetpack_featured_media_url":"https:\/\/i0.wp.com\/woblink.com\/blog\/wp-content\/uploads\/big-book-festival.png?fit=1011%2C690&ssl=1","_links":{"self":[{"href":"https:\/\/woblink.com\/blog\/wp-json\/wp\/v2\/posts\/7120"}],"collection":[{"href":"https:\/\/woblink.com\/blog\/wp-json\/wp\/v2\/posts"}],"about":[{"href":"https:\/\/woblink.com\/blog\/wp-json\/wp\/v2\/types\/post"}],"author":[{"embeddable":true,"href":"https:\/\/woblink.com\/blog\/wp-json\/wp\/v2\/users\/7"}],"replies":[{"embeddable":true,"href":"https:\/\/woblink.com\/blog\/wp-json\/wp\/v2\/comments?post=7120"}],"version-history":[{"count":4,"href":"https:\/\/woblink.com\/blog\/wp-json\/wp\/v2\/posts\/7120\/revisions"}],"predecessor-version":[{"id":7134,"href":"https:\/\/woblink.com\/blog\/wp-json\/wp\/v2\/posts\/7120\/revisions\/7134"}],"wp:featuredmedia":[{"embeddable":true,"href":"https:\/\/woblink.com\/blog\/wp-json\/wp\/v2\/media\/7122"}],"wp:attachment":[{"href":"https:\/\/woblink.com\/blog\/wp-json\/wp\/v2\/media?parent=7120"}],"wp:term":[{"taxonomy":"category","embeddable":true,"href":"https:\/\/woblink.com\/blog\/wp-json\/wp\/v2\/categories?post=7120"},{"taxonomy":"post_tag","embeddable":true,"href":"https:\/\/woblink.com\/blog\/wp-json\/wp\/v2\/tags?post=7120"}],"curies":[{"name":"wp","href":"https:\/\/api.w.org\/{rel}","templated":true}]}}