{"id":7925,"date":"2022-07-22T07:43:46","date_gmt":"2022-07-22T05:43:46","guid":{"rendered":"https:\/\/woblink.com\/blog\/?p=7925"},"modified":"2022-07-22T07:47:34","modified_gmt":"2022-07-22T05:47:34","slug":"wydarzenia-ostatnich-miesiecy-uswiadomily-nam-wszystkim-dlaczego-nalezy-rozgraniczac-dobro-i-zlo-wywiad-z-marcelem-wozniakiem","status":"publish","type":"post","link":"https:\/\/woblink.com\/blog\/wydarzenia-ostatnich-miesiecy-uswiadomily-nam-wszystkim-dlaczego-nalezy-rozgraniczac-dobro-i-zlo-wywiad-z-marcelem-wozniakiem\/","title":{"rendered":"\u201eWydarzenia ostatnich miesi\u0119cy u\u015bwiadomi\u0142y nam wszystkim, dlaczego nale\u017cy rozgranicza\u0107 dobro i z\u0142o&#8221; \u2013 wywiad z Marcelem Wo\u017aniakiem"},"content":{"rendered":"<h4>Marcel Wo\u017aniak to polski pisarz, scenarzysta, tw\u00f3rca krymina\u0142\u00f3w, licznych opowiada\u0144, a tak\u017ce biografii Leopolda Tyrmanda. Pisarz powraca z powie\u015bci\u0105 na faktach \u201eEgzekutor&#8221; o \u017cyciu nazisty Feliksa Landaua. W wywiadzie opowiada o swojej inspiracji do napisania \u201eEgzekutora\u201d, ale tak\u017ce zdradza w jaki spos\u00f3b pracuje nad swoimi ksi\u0105\u017ckami i jakie ma literackie plany na przysz\u0142o\u015b\u0107.<\/h4>\n<p><!--more--><\/p>\n<figure id=\"attachment_7926\" aria-describedby=\"caption-attachment-7926\" style=\"width: 199px\" class=\"wp-caption alignright\"><a href=\"https:\/\/woblink.com\/ebook\/egzekutor-marcel-wo-zniak-254142u\"><img decoding=\"async\" loading=\"lazy\" class=\"wp-image-7926 size-medium\" src=\"https:\/\/i0.wp.com\/woblink.com\/blog\/wp-content\/uploads\/62b58706ada28.jpeg?resize=199%2C300&#038;ssl=1\" alt=\"Egzekutor - Marcel Wo\u017aniak\" width=\"199\" height=\"300\" srcset=\"https:\/\/i0.wp.com\/woblink.com\/blog\/wp-content\/uploads\/62b58706ada28.jpeg?resize=199%2C300&amp;ssl=1 199w, https:\/\/i0.wp.com\/woblink.com\/blog\/wp-content\/uploads\/62b58706ada28.jpeg?w=500&amp;ssl=1 500w\" sizes=\"(max-width: 199px) 100vw, 199px\" data-recalc-dims=\"1\" \/><\/a><figcaption id=\"caption-attachment-7926\" class=\"wp-caption-text\"><center><strong>Kup <a href=\"https:\/\/woblink.com\/ebook\/egzekutor-marcel-wo-zniak-254142u\">ebooka<\/a>, <a href=\"https:\/\/woblink.com\/audiobook\/egzekutor-marcel-wo-zniak-256050\">audiobooka<\/a> lub <a href=\"https:\/\/woblink.com\/ksiazka\/egzekutor-marcel-wo-zniak-253962\">ksi\u0105\u017ck\u0119 papierow\u0105 Egzekutor<\/a> na Woblink.com<\/strong><\/center><\/figcaption><\/figure>\n<p>&nbsp;<\/p>\n<p>Felix Landau lubi\u0142 przesiadywa\u0107 na balkonie okaza\u0142ej willi i strzela\u0107 do przechodz\u0105cych \u017byd\u00f3w. W listach mi\u0142osnych do \u017cony szczeg\u00f3\u0142owo opisywa\u0142 sadystyczne czyny, jakich si\u0119 dopu\u015bci\u0142. Bra\u0142 te\u017c udzia\u0142 w masakrze profesor\u00f3w lwowskich w nocy z 3 na 4 lipca 1941 we Lwowie. Landau to zbrodniarz nazistowski, kt\u00f3ry organizowa\u0142 prac\u0119 \u017byd\u00f3w w Drohobyczu. Na jego \u0142asce by\u0142 Bruno Schulz, kt\u00f3rego nazista zmusi\u0142 do namalowania w swojej willi obraz\u00f3w inspirowanych ba\u015bniami. Wkr\u00f3tce to za jego spraw\u0105, Schulza spotka\u0142a okrutna \u015bmier\u0107. U boku wiernie towarzyszy\u0142a Landauowi ukochana Gertrude. Urz\u0105dza\u0142a z nim wystawne przyj\u0119cia w drohobyckiej willi, w dzielnicy oddzielonej od getta alej\u0105 jab\u0142onek i \u0142adnych dom\u00f3w. Gertrude szybko znalaz\u0142a si\u0119 pod wp\u0142ywem Feliksa.<\/p>\n<p>&nbsp;<\/p>\n<h3><strong>Wywiad z Marcelem Wo\u017aniakiem<\/strong><\/h3>\n<h4><strong>Dlaczego wybra\u0142e\u015b Feliksa Landaua na swojego bohatera?<\/strong><\/h4>\n<p>Wydarzenia ostatnich miesi\u0119cy u\u015bwiadomi\u0142y nam wszystkim, dlaczego nale\u017cy rozgranicza\u0107 dobro i z\u0142o, kara\u0107 winnych i g\u0142o\u015bno m\u00f3wi\u0107 o wojennych zbrodniach. Landau wyda\u0142 mi si\u0119 antybohaterem, kt\u00f3rego \u017cyciorys mo\u017ce by\u0107 ciekawym studium z\u0142a i skuteczn\u0105 przestrog\u0105. Wszyscy znaj\u0105 historie potwor\u00f3w skazanych w Norymbergi, tymczasem potwornych nazist\u00f3w by\u0142o znacznie wi\u0119cej. Bior\u0105c pod uwag\u0119 skal\u0119 nazizmu, niewielu z nich spotka\u0142a zas\u0142u\u017cona kara. Landau jest tego najlepszym i najgorszym przyk\u0142adem.<\/p>\n<p>&nbsp;<\/p>\n<h4><strong>Co \u0142\u0105czy\u0142o Landaua z cz\u0119sto wspominanym przy okazji \u201eEgzekutora\u201d Bruno Schulzem?<\/strong><\/h4>\n<p>Landau zmusi\u0142\u00a0Schulza do pracy podczas II\u00a0wojny \u015bwiatowej. Wprowadziwszy si\u0119 do zaj\u0119tej przez nazist\u00f3w willi, Felix umy\u015bli\u0142 sobie, \u017ce dom wymaga malarskich zdobie\u0144. Polecono mu zdolnego, drohobyckiego artyst\u0119 \u2013 Bruno Schulza, kt\u00f3rego zmusi\u0142, by pomalowa\u0142 dzieci\u0119cy pok\u00f3j oraz wykona\u0142 portrety \u2013 Landaua i jego narzeczonej, Gertrude.\u00a0Landau by\u0142 jego protektorem \u2013 Schulz w zamian za prac\u0119 mia\u0142 ochron\u0119. Niestety, tylko do czasu.<\/p>\n<p>&nbsp;<\/p>\n<h4><strong>Wolisz\u00a0pisa\u0107 biografie czy powie\u015bci na faktach?\u00a0 Te drugie wydaj\u0105 si\u0119 \u0142atwiejsze.<\/strong><\/h4>\n<p>W tej pracy nic nie jest \u0142atwe. Je\u015bli chcesz dobrze wykona\u0107 prac\u0119, musisz si\u0119 przy\u0142o\u017cy\u0107.\u00a0Oba gatunki maj\u0105 swoje ograniczenia, kt\u00f3re wymagaj\u0105 kreatywno\u015bci. Biografia nie pozwala na schodzenie z pewnej \u015bcie\u017cki narracyjnej, powie\u015b\u0107 na faktach z kolei daje wi\u0119ksze mo\u017cliwo\u015bci, ale zn\u00f3w \u2013 trzeba po\u0142\u0105czy\u0107 ze sob\u0105 fikcj\u0119 i fakty w spos\u00f3b atrakcyjny dla czytelnika.<\/p>\n<p>&nbsp;<\/p>\n<h4><strong>Jak pracujesz nad ksi\u0105\u017ckami? Robisz research u \u017ar\u00f3de\u0142, podr\u00f3\u017cujesz czy po prostu w internecie?<\/strong><\/h4>\n<p>Nie wyobra\u017cam sobie pisa\u0107 o czym\u015b zza biurka, je\u015bli mog\u0119 te miejsce naprawd\u0119 zobaczy\u0107, zbada\u0107. Podobnie dokumenty. Nauczy\u0142em si\u0119 tego z czas\u00f3w dziennikarskich. Podczas prac nad biografiami Leopolda Tyrmanda odwiedzi\u0142em San Francisco, Nowy Jork, Moskw\u0119, Frankfurt, Wilno. Tropami Landaua odwiedzi\u0142em Drohobycz czy Radom. Sztuk\u0105 jest jak najwi\u0119cej zobaczy\u0107 i przeczyta\u0107, po to, by nabra\u0107 mo\u017cliwie najbli\u017cszej perspektywy. Pami\u0119tam przy okazji podr\u00f3\u017cy do Wilna jak poszukiwa\u0142em domu, w kt\u00f3rym mia\u0142 rzekomo mieszka\u0107 Leopold Tyrmand podczas II wojny \u015bwiatowej. Z relacji \u015bwiadk\u00f3w wiedzia\u0142em, \u017ce do owego domu kto\u015b si\u0119 \u201ewspina\u0142\u201d. Tak by\u0142o napisane: \u201ewspina\u0142\u201d. Musia\u0142em zrozumie\u0107 czy chodzi\u0142o o schody, wzg\u00f3rze, podjazd. Obszed\u0142szy kilkadziesi\u0105t kamienic w ko\u0144cu odkry\u0142em will\u0119, w kt\u00f3rej&#8230; nikt o Tyrmandzie nie s\u0142ysza\u0142. Ale okaza\u0142o si\u0119, \u017ce by\u0142o to w\u0142a\u015bnie to miejsce. Doprowadzi\u0142o to do odkrycia historii tego domu \u2013 mieszka\u0142 tam po wojnie najs\u0142ynniejszy litewski pisarz, Tomas Venclova. Innym razem uda\u0142o si\u0119 odnale\u017a\u0107 w archiwach KGB dow\u00f3d na to, \u017ce Tyrmand by\u0142 w konspiracji. Z kolei w archiwach na Uniwersytecie Stanforda wpad\u0142 mi w r\u0119ce lewy dow\u00f3d to\u017csamo\u015bci Tyrmanda. Fakt przez lata wy\u015bmiewany, nikt nie dowierza\u0142 w jego histori\u0119, jakoby podczas wojny udawa\u0142 Francuza, b\u0119d\u0105c \u017bydem. Znalaz\u0142em dokument, w kt\u00f3rym napisane by\u0142o: narodowo\u015b\u0107 francuska, katolik&#8230; S\u0105 to rzeczy, kt\u00f3rych nie wyczyta\u0142bym w internecie. Podobnie z Feliksem Landau. Znajomo\u015b\u0107 topografii miasta, dotarcie do wspomnie\u0144 jego mieszka\u0144c\u00f3w &#8211; wszystko to rzuci\u0142o nowe \u015bwiat\u0142o na jego \u017cycie. Znalaz\u0142em r\u00f3wnie\u017c niemieckie dokumenty, o kt\u00f3rych przet\u0142umaczenie poprosi\u0142em przyjaciela, Bartka Bonieckiego. Pomog\u0142o mi to zrozumie\u0107 postaw\u0119 syna Landaua. Teraz na rozk\u0142adzie jazdy mam Lyon i Amsterdam z powodu bohatera kolejnej ksi\u0105\u017cki&#8230;<\/p>\n<p>&nbsp;<\/p>\n<h4><strong>Co masz teraz \u201ena tapecie\u201d?<\/strong><\/h4>\n<p>Aktualnie pracuj\u0119 nad powie\u015bci\u0105 o Klausie Barbie \u2013 rze\u017aniku z Lyonu. Szef gestapo, wr\u00f3g numer jeden wszystkich mieszka\u0144c\u00f3w Lyonu, agent CIA, kt\u00f3ry torturowa\u0142 najwi\u0119kszego bohatera narodowego francuskiego ruchu oporu \u2013 Jeana Moulin. Dotar\u0142em do domu, w kt\u00f3rym Barbie go pojma\u0142. Przejechanie tej drogi w ci\u0105gu kilku sekund wi\u0119cej m\u00f3wi nam o mie\u015bcie, ni\u017c wielka mapa, kt\u00f3r\u0105 mam nad biurkiem i ogl\u0105dam j\u0105 codziennie. W perspektywie kolejnego roku prowadz\u0119 wsp\u00f3lnie z Wydawnictwem Marginesy prace nad ksi\u0105\u017ck\u0105 o Janie Lenicy, wybitnym grafiku, arty\u015bcie plastyku. To r\u00f3wnie\u017c b\u0119dzie wymaga\u0142o podr\u00f3\u017cy do Pary\u017ca i Berlina. Inaczej ksi\u0105\u017cek pisa\u0107 si\u0119 nie da, by by\u0142y interesuj\u0105ce!<\/p>\n<p>&nbsp;<\/p>\n<p><strong>Marcel Wo\u017aniak<\/strong> \u2013 polski pisarz, autor powie\u015bci kryminalnych i biograf Leopolda Tyrmanda. Uko\u0144czy\u0142 Uniwersytet Miko\u0142aja Kopernika i kontynuuje badania jako doktorant w Instytucie Literatury. Jest laureatem wyr\u00f3\u017cnienia Komendanta G\u0142\u00f3wnego Policji za opowiadanie <em>Granatowa cisza<\/em> w konkursie <a href=\"https:\/\/niepodlegla.gov.pl\/\">niepodlegla.gov.pl<\/a> na stulecie polskiej policji.<\/p>\n<p>&nbsp;<\/p>\n<p style=\"text-align: right;\">Autorem zdj\u0119cia Marcela Wo\u017aniaka jest Bartosz Pussak.<\/p>\n","protected":false},"excerpt":{"rendered":"<p>Marcel Wo\u017aniak to polski pisarz, scenarzysta, tw\u00f3rca krymina\u0142\u00f3w, licznych opowiada\u0144, a tak\u017ce biografii Leopolda Tyrmanda. Pisarz powraca z powie\u015bci\u0105 na faktach \u201eEgzekutor&#8221; o \u017cyciu nazisty Feliksa Landaua. W wywiadzie opowiada o swojej inspiracji do napisania \u201eEgzekutora\u201d, ale tak\u017ce zdradza w jaki spos\u00f3b pracuje nad swoimi&#8230;<\/p>\n","protected":false},"author":7,"featured_media":7957,"comment_status":"closed","ping_status":"open","sticky":false,"template":"","format":"standard","meta":[],"categories":[97,86,96,95,90,82],"tags":[],"yoast_head":"<!-- This site is optimized with the Yoast SEO plugin v20.11 - https:\/\/yoast.com\/wordpress\/plugins\/seo\/ -->\n<title>\u201eWydarzenia ostatnich miesi\u0119cy u\u015bwiadomi\u0142y nam wszystkim, dlaczego nale\u017cy rozgranicza\u0107 dobro i z\u0142o&quot; \u2013 wywiad z Marcelem Wo\u017aniakiem - Woblink<\/title>\n<meta name=\"description\" content=\"Marcel Wo\u017aniak powraca z kolejn\u0105 ksi\u0105\u017ck\u0105 na faktach! Przeczytaj wywiad, w kt\u00f3rym autor opowiada o swojej ksi\u0105\u017cce \u201eEgzekutor\u201d.\" \/>\n<meta name=\"robots\" content=\"index, follow, max-snippet:-1, max-image-preview:large, max-video-preview:-1\" \/>\n<link rel=\"canonical\" href=\"https:\/\/woblink.com\/blog\/wydarzenia-ostatnich-miesiecy-uswiadomily-nam-wszystkim-dlaczego-nalezy-rozgraniczac-dobro-i-zlo-wywiad-z-marcelem-wozniakiem\/\" \/>\n<meta property=\"og:locale\" content=\"pl_PL\" \/>\n<meta property=\"og:type\" content=\"article\" \/>\n<meta property=\"og:title\" content=\"\u201eWydarzenia ostatnich miesi\u0119cy u\u015bwiadomi\u0142y nam wszystkim, dlaczego nale\u017cy rozgranicza\u0107 dobro i z\u0142o&quot; \u2013 wywiad z Marcelem Wo\u017aniakiem - Woblink\" \/>\n<meta property=\"og:description\" content=\"Marcel Wo\u017aniak powraca z kolejn\u0105 ksi\u0105\u017ck\u0105 na faktach! Przeczytaj wywiad, w kt\u00f3rym autor opowiada o swojej ksi\u0105\u017cce \u201eEgzekutor\u201d.\" \/>\n<meta property=\"og:url\" content=\"https:\/\/woblink.com\/blog\/wydarzenia-ostatnich-miesiecy-uswiadomily-nam-wszystkim-dlaczego-nalezy-rozgraniczac-dobro-i-zlo-wywiad-z-marcelem-wozniakiem\/\" \/>\n<meta property=\"og:site_name\" content=\"Woblink\" \/>\n<meta property=\"article:publisher\" content=\"https:\/\/facebook.com\/woblink\" \/>\n<meta property=\"article:published_time\" content=\"2022-07-22T05:43:46+00:00\" \/>\n<meta property=\"article:modified_time\" content=\"2022-07-22T05:47:34+00:00\" \/>\n<meta property=\"og:image\" content=\"https:\/\/i0.wp.com\/woblink.com\/blog\/wp-content\/uploads\/artykul3-3.jpg?fit=1011%2C690&ssl=1\" \/>\n\t<meta property=\"og:image:width\" content=\"1011\" \/>\n\t<meta property=\"og:image:height\" content=\"690\" \/>\n\t<meta property=\"og:image:type\" content=\"image\/jpeg\" \/>\n<meta name=\"author\" content=\"Redakcja Woblinka\" \/>\n<meta name=\"twitter:card\" content=\"summary_large_image\" \/>\n<meta name=\"twitter:creator\" content=\"@woblink_com\" \/>\n<meta name=\"twitter:site\" content=\"@woblink_com\" \/>\n<meta name=\"twitter:label1\" content=\"Napisane przez\" \/>\n\t<meta name=\"twitter:data1\" content=\"Redakcja Woblinka\" \/>\n\t<meta name=\"twitter:label2\" content=\"Szacowany czas czytania\" \/>\n\t<meta name=\"twitter:data2\" content=\"5 minut\" \/>\n<script type=\"application\/ld+json\" class=\"yoast-schema-graph\">{\"@context\":\"https:\/\/schema.org\",\"@graph\":[{\"@type\":\"Article\",\"@id\":\"https:\/\/woblink.com\/blog\/wydarzenia-ostatnich-miesiecy-uswiadomily-nam-wszystkim-dlaczego-nalezy-rozgraniczac-dobro-i-zlo-wywiad-z-marcelem-wozniakiem\/#article\",\"isPartOf\":{\"@id\":\"https:\/\/woblink.com\/blog\/wydarzenia-ostatnich-miesiecy-uswiadomily-nam-wszystkim-dlaczego-nalezy-rozgraniczac-dobro-i-zlo-wywiad-z-marcelem-wozniakiem\/\"},\"author\":{\"name\":\"Redakcja Woblinka\",\"@id\":\"https:\/\/woblink.com\/blog\/#\/schema\/person\/8ab6b79d64fa54209272130c4c3b1e95\"},\"headline\":\"\u201eWydarzenia ostatnich miesi\u0119cy u\u015bwiadomi\u0142y nam wszystkim, dlaczego nale\u017cy rozgranicza\u0107 dobro i z\u0142o&#8221; \u2013 wywiad z Marcelem Wo\u017aniakiem\",\"datePublished\":\"2022-07-22T05:43:46+00:00\",\"dateModified\":\"2022-07-22T05:47:34+00:00\",\"mainEntityOfPage\":{\"@id\":\"https:\/\/woblink.com\/blog\/wydarzenia-ostatnich-miesiecy-uswiadomily-nam-wszystkim-dlaczego-nalezy-rozgraniczac-dobro-i-zlo-wywiad-z-marcelem-wozniakiem\/\"},\"wordCount\":1012,\"publisher\":{\"@id\":\"https:\/\/woblink.com\/blog\/#organization\"},\"articleSection\":[\"Audiobooki\",\"Ciekawostki o pisarzach\",\"Ebooki\",\"Ksi\u0105\u017cki papierowe\",\"Nowo\u015bci na Woblinku\",\"Premiery ksi\u0105\u017cek\"],\"inLanguage\":\"pl-PL\"},{\"@type\":\"WebPage\",\"@id\":\"https:\/\/woblink.com\/blog\/wydarzenia-ostatnich-miesiecy-uswiadomily-nam-wszystkim-dlaczego-nalezy-rozgraniczac-dobro-i-zlo-wywiad-z-marcelem-wozniakiem\/\",\"url\":\"https:\/\/woblink.com\/blog\/wydarzenia-ostatnich-miesiecy-uswiadomily-nam-wszystkim-dlaczego-nalezy-rozgraniczac-dobro-i-zlo-wywiad-z-marcelem-wozniakiem\/\",\"name\":\"\u201eWydarzenia ostatnich miesi\u0119cy u\u015bwiadomi\u0142y nam wszystkim, dlaczego nale\u017cy rozgranicza\u0107 dobro i z\u0142o\\\" \u2013 wywiad z Marcelem Wo\u017aniakiem - Woblink\",\"isPartOf\":{\"@id\":\"https:\/\/woblink.com\/blog\/#website\"},\"datePublished\":\"2022-07-22T05:43:46+00:00\",\"dateModified\":\"2022-07-22T05:47:34+00:00\",\"description\":\"Marcel Wo\u017aniak powraca z kolejn\u0105 ksi\u0105\u017ck\u0105 na faktach! Przeczytaj wywiad, w kt\u00f3rym autor opowiada o swojej ksi\u0105\u017cce \u201eEgzekutor\u201d.\",\"breadcrumb\":{\"@id\":\"https:\/\/woblink.com\/blog\/wydarzenia-ostatnich-miesiecy-uswiadomily-nam-wszystkim-dlaczego-nalezy-rozgraniczac-dobro-i-zlo-wywiad-z-marcelem-wozniakiem\/#breadcrumb\"},\"inLanguage\":\"pl-PL\",\"potentialAction\":[{\"@type\":\"ReadAction\",\"target\":[\"https:\/\/woblink.com\/blog\/wydarzenia-ostatnich-miesiecy-uswiadomily-nam-wszystkim-dlaczego-nalezy-rozgraniczac-dobro-i-zlo-wywiad-z-marcelem-wozniakiem\/\"]}]},{\"@type\":\"BreadcrumbList\",\"@id\":\"https:\/\/woblink.com\/blog\/wydarzenia-ostatnich-miesiecy-uswiadomily-nam-wszystkim-dlaczego-nalezy-rozgraniczac-dobro-i-zlo-wywiad-z-marcelem-wozniakiem\/#breadcrumb\",\"itemListElement\":[{\"@type\":\"ListItem\",\"position\":1,\"name\":\"Strona g\u0142\u00f3wna\",\"item\":\"https:\/\/woblink.com\/blog\/\"},{\"@type\":\"ListItem\",\"position\":2,\"name\":\"\u201eWydarzenia ostatnich miesi\u0119cy u\u015bwiadomi\u0142y nam wszystkim, dlaczego nale\u017cy rozgranicza\u0107 dobro i z\u0142o&#8221; \u2013 wywiad z Marcelem Wo\u017aniakiem\"}]},{\"@type\":\"WebSite\",\"@id\":\"https:\/\/woblink.com\/blog\/#website\",\"url\":\"https:\/\/woblink.com\/blog\/\",\"name\":\"Woblink\",\"description\":\"najlepszy firmowy blog o ksi\u0105\u017ckach\",\"publisher\":{\"@id\":\"https:\/\/woblink.com\/blog\/#organization\"},\"potentialAction\":[{\"@type\":\"SearchAction\",\"target\":{\"@type\":\"EntryPoint\",\"urlTemplate\":\"https:\/\/woblink.com\/blog\/?s={search_term_string}\"},\"query-input\":\"required name=search_term_string\"}],\"inLanguage\":\"pl-PL\"},{\"@type\":\"Organization\",\"@id\":\"https:\/\/woblink.com\/blog\/#organization\",\"name\":\"Woblink\",\"url\":\"https:\/\/woblink.com\/blog\/\",\"logo\":{\"@type\":\"ImageObject\",\"inLanguage\":\"pl-PL\",\"@id\":\"https:\/\/woblink.com\/blog\/#\/schema\/logo\/image\/\",\"url\":\"https:\/\/i0.wp.com\/woblink.com\/blog\/wp-content\/uploads\/2019\/04\/nw_logoB.png?fit=185%2C42&ssl=1\",\"contentUrl\":\"https:\/\/i0.wp.com\/woblink.com\/blog\/wp-content\/uploads\/2019\/04\/nw_logoB.png?fit=185%2C42&ssl=1\",\"width\":185,\"height\":42,\"caption\":\"Woblink\"},\"image\":{\"@id\":\"https:\/\/woblink.com\/blog\/#\/schema\/logo\/image\/\"},\"sameAs\":[\"https:\/\/facebook.com\/woblink\",\"https:\/\/twitter.com\/woblink_com\",\"https:\/\/www.instagram.com\/woblink_com\",\"https:\/\/www.linkedin.com\/company\/woblink\/\"]},{\"@type\":\"Person\",\"@id\":\"https:\/\/woblink.com\/blog\/#\/schema\/person\/8ab6b79d64fa54209272130c4c3b1e95\",\"name\":\"Redakcja Woblinka\",\"image\":{\"@type\":\"ImageObject\",\"inLanguage\":\"pl-PL\",\"@id\":\"https:\/\/woblink.com\/blog\/#\/schema\/person\/image\/\",\"url\":\"https:\/\/secure.gravatar.com\/avatar\/f23ae80a7c9da060bee5f8310913478b?s=96&d=mm&r=g\",\"contentUrl\":\"https:\/\/secure.gravatar.com\/avatar\/f23ae80a7c9da060bee5f8310913478b?s=96&d=mm&r=g\",\"caption\":\"Redakcja Woblinka\"},\"url\":\"https:\/\/woblink.com\/blog\/author\/krasny\/\"}]}<\/script>\n<!-- \/ Yoast SEO plugin. -->","yoast_head_json":{"title":"\u201eWydarzenia ostatnich miesi\u0119cy u\u015bwiadomi\u0142y nam wszystkim, dlaczego nale\u017cy rozgranicza\u0107 dobro i z\u0142o\" \u2013 wywiad z Marcelem Wo\u017aniakiem - Woblink","description":"Marcel Wo\u017aniak powraca z kolejn\u0105 ksi\u0105\u017ck\u0105 na faktach! Przeczytaj wywiad, w kt\u00f3rym autor opowiada o swojej ksi\u0105\u017cce \u201eEgzekutor\u201d.","robots":{"index":"index","follow":"follow","max-snippet":"max-snippet:-1","max-image-preview":"max-image-preview:large","max-video-preview":"max-video-preview:-1"},"canonical":"https:\/\/woblink.com\/blog\/wydarzenia-ostatnich-miesiecy-uswiadomily-nam-wszystkim-dlaczego-nalezy-rozgraniczac-dobro-i-zlo-wywiad-z-marcelem-wozniakiem\/","og_locale":"pl_PL","og_type":"article","og_title":"\u201eWydarzenia ostatnich miesi\u0119cy u\u015bwiadomi\u0142y nam wszystkim, dlaczego nale\u017cy rozgranicza\u0107 dobro i z\u0142o\" \u2013 wywiad z Marcelem Wo\u017aniakiem - Woblink","og_description":"Marcel Wo\u017aniak powraca z kolejn\u0105 ksi\u0105\u017ck\u0105 na faktach! Przeczytaj wywiad, w kt\u00f3rym autor opowiada o swojej ksi\u0105\u017cce \u201eEgzekutor\u201d.","og_url":"https:\/\/woblink.com\/blog\/wydarzenia-ostatnich-miesiecy-uswiadomily-nam-wszystkim-dlaczego-nalezy-rozgraniczac-dobro-i-zlo-wywiad-z-marcelem-wozniakiem\/","og_site_name":"Woblink","article_publisher":"https:\/\/facebook.com\/woblink","article_published_time":"2022-07-22T05:43:46+00:00","article_modified_time":"2022-07-22T05:47:34+00:00","og_image":[{"width":1011,"height":690,"url":"https:\/\/i0.wp.com\/woblink.com\/blog\/wp-content\/uploads\/artykul3-3.jpg?fit=1011%2C690&ssl=1","type":"image\/jpeg"}],"author":"Redakcja Woblinka","twitter_card":"summary_large_image","twitter_creator":"@woblink_com","twitter_site":"@woblink_com","twitter_misc":{"Napisane przez":"Redakcja Woblinka","Szacowany czas czytania":"5 minut"},"schema":{"@context":"https:\/\/schema.org","@graph":[{"@type":"Article","@id":"https:\/\/woblink.com\/blog\/wydarzenia-ostatnich-miesiecy-uswiadomily-nam-wszystkim-dlaczego-nalezy-rozgraniczac-dobro-i-zlo-wywiad-z-marcelem-wozniakiem\/#article","isPartOf":{"@id":"https:\/\/woblink.com\/blog\/wydarzenia-ostatnich-miesiecy-uswiadomily-nam-wszystkim-dlaczego-nalezy-rozgraniczac-dobro-i-zlo-wywiad-z-marcelem-wozniakiem\/"},"author":{"name":"Redakcja Woblinka","@id":"https:\/\/woblink.com\/blog\/#\/schema\/person\/8ab6b79d64fa54209272130c4c3b1e95"},"headline":"\u201eWydarzenia ostatnich miesi\u0119cy u\u015bwiadomi\u0142y nam wszystkim, dlaczego nale\u017cy rozgranicza\u0107 dobro i z\u0142o&#8221; \u2013 wywiad z Marcelem Wo\u017aniakiem","datePublished":"2022-07-22T05:43:46+00:00","dateModified":"2022-07-22T05:47:34+00:00","mainEntityOfPage":{"@id":"https:\/\/woblink.com\/blog\/wydarzenia-ostatnich-miesiecy-uswiadomily-nam-wszystkim-dlaczego-nalezy-rozgraniczac-dobro-i-zlo-wywiad-z-marcelem-wozniakiem\/"},"wordCount":1012,"publisher":{"@id":"https:\/\/woblink.com\/blog\/#organization"},"articleSection":["Audiobooki","Ciekawostki o pisarzach","Ebooki","Ksi\u0105\u017cki papierowe","Nowo\u015bci na Woblinku","Premiery ksi\u0105\u017cek"],"inLanguage":"pl-PL"},{"@type":"WebPage","@id":"https:\/\/woblink.com\/blog\/wydarzenia-ostatnich-miesiecy-uswiadomily-nam-wszystkim-dlaczego-nalezy-rozgraniczac-dobro-i-zlo-wywiad-z-marcelem-wozniakiem\/","url":"https:\/\/woblink.com\/blog\/wydarzenia-ostatnich-miesiecy-uswiadomily-nam-wszystkim-dlaczego-nalezy-rozgraniczac-dobro-i-zlo-wywiad-z-marcelem-wozniakiem\/","name":"\u201eWydarzenia ostatnich miesi\u0119cy u\u015bwiadomi\u0142y nam wszystkim, dlaczego nale\u017cy rozgranicza\u0107 dobro i z\u0142o\" \u2013 wywiad z Marcelem Wo\u017aniakiem - Woblink","isPartOf":{"@id":"https:\/\/woblink.com\/blog\/#website"},"datePublished":"2022-07-22T05:43:46+00:00","dateModified":"2022-07-22T05:47:34+00:00","description":"Marcel Wo\u017aniak powraca z kolejn\u0105 ksi\u0105\u017ck\u0105 na faktach! Przeczytaj wywiad, w kt\u00f3rym autor opowiada o swojej ksi\u0105\u017cce \u201eEgzekutor\u201d.","breadcrumb":{"@id":"https:\/\/woblink.com\/blog\/wydarzenia-ostatnich-miesiecy-uswiadomily-nam-wszystkim-dlaczego-nalezy-rozgraniczac-dobro-i-zlo-wywiad-z-marcelem-wozniakiem\/#breadcrumb"},"inLanguage":"pl-PL","potentialAction":[{"@type":"ReadAction","target":["https:\/\/woblink.com\/blog\/wydarzenia-ostatnich-miesiecy-uswiadomily-nam-wszystkim-dlaczego-nalezy-rozgraniczac-dobro-i-zlo-wywiad-z-marcelem-wozniakiem\/"]}]},{"@type":"BreadcrumbList","@id":"https:\/\/woblink.com\/blog\/wydarzenia-ostatnich-miesiecy-uswiadomily-nam-wszystkim-dlaczego-nalezy-rozgraniczac-dobro-i-zlo-wywiad-z-marcelem-wozniakiem\/#breadcrumb","itemListElement":[{"@type":"ListItem","position":1,"name":"Strona g\u0142\u00f3wna","item":"https:\/\/woblink.com\/blog\/"},{"@type":"ListItem","position":2,"name":"\u201eWydarzenia ostatnich miesi\u0119cy u\u015bwiadomi\u0142y nam wszystkim, dlaczego nale\u017cy rozgranicza\u0107 dobro i z\u0142o&#8221; \u2013 wywiad z Marcelem Wo\u017aniakiem"}]},{"@type":"WebSite","@id":"https:\/\/woblink.com\/blog\/#website","url":"https:\/\/woblink.com\/blog\/","name":"Woblink","description":"najlepszy firmowy blog o ksi\u0105\u017ckach","publisher":{"@id":"https:\/\/woblink.com\/blog\/#organization"},"potentialAction":[{"@type":"SearchAction","target":{"@type":"EntryPoint","urlTemplate":"https:\/\/woblink.com\/blog\/?s={search_term_string}"},"query-input":"required name=search_term_string"}],"inLanguage":"pl-PL"},{"@type":"Organization","@id":"https:\/\/woblink.com\/blog\/#organization","name":"Woblink","url":"https:\/\/woblink.com\/blog\/","logo":{"@type":"ImageObject","inLanguage":"pl-PL","@id":"https:\/\/woblink.com\/blog\/#\/schema\/logo\/image\/","url":"https:\/\/i0.wp.com\/woblink.com\/blog\/wp-content\/uploads\/2019\/04\/nw_logoB.png?fit=185%2C42&ssl=1","contentUrl":"https:\/\/i0.wp.com\/woblink.com\/blog\/wp-content\/uploads\/2019\/04\/nw_logoB.png?fit=185%2C42&ssl=1","width":185,"height":42,"caption":"Woblink"},"image":{"@id":"https:\/\/woblink.com\/blog\/#\/schema\/logo\/image\/"},"sameAs":["https:\/\/facebook.com\/woblink","https:\/\/twitter.com\/woblink_com","https:\/\/www.instagram.com\/woblink_com","https:\/\/www.linkedin.com\/company\/woblink\/"]},{"@type":"Person","@id":"https:\/\/woblink.com\/blog\/#\/schema\/person\/8ab6b79d64fa54209272130c4c3b1e95","name":"Redakcja Woblinka","image":{"@type":"ImageObject","inLanguage":"pl-PL","@id":"https:\/\/woblink.com\/blog\/#\/schema\/person\/image\/","url":"https:\/\/secure.gravatar.com\/avatar\/f23ae80a7c9da060bee5f8310913478b?s=96&d=mm&r=g","contentUrl":"https:\/\/secure.gravatar.com\/avatar\/f23ae80a7c9da060bee5f8310913478b?s=96&d=mm&r=g","caption":"Redakcja Woblinka"},"url":"https:\/\/woblink.com\/blog\/author\/krasny\/"}]}},"jetpack_featured_media_url":"https:\/\/i0.wp.com\/woblink.com\/blog\/wp-content\/uploads\/artykul3-3.jpg?fit=1011%2C690&ssl=1","_links":{"self":[{"href":"https:\/\/woblink.com\/blog\/wp-json\/wp\/v2\/posts\/7925"}],"collection":[{"href":"https:\/\/woblink.com\/blog\/wp-json\/wp\/v2\/posts"}],"about":[{"href":"https:\/\/woblink.com\/blog\/wp-json\/wp\/v2\/types\/post"}],"author":[{"embeddable":true,"href":"https:\/\/woblink.com\/blog\/wp-json\/wp\/v2\/users\/7"}],"replies":[{"embeddable":true,"href":"https:\/\/woblink.com\/blog\/wp-json\/wp\/v2\/comments?post=7925"}],"version-history":[{"count":7,"href":"https:\/\/woblink.com\/blog\/wp-json\/wp\/v2\/posts\/7925\/revisions"}],"predecessor-version":[{"id":7960,"href":"https:\/\/woblink.com\/blog\/wp-json\/wp\/v2\/posts\/7925\/revisions\/7960"}],"wp:featuredmedia":[{"embeddable":true,"href":"https:\/\/woblink.com\/blog\/wp-json\/wp\/v2\/media\/7957"}],"wp:attachment":[{"href":"https:\/\/woblink.com\/blog\/wp-json\/wp\/v2\/media?parent=7925"}],"wp:term":[{"taxonomy":"category","embeddable":true,"href":"https:\/\/woblink.com\/blog\/wp-json\/wp\/v2\/categories?post=7925"},{"taxonomy":"post_tag","embeddable":true,"href":"https:\/\/woblink.com\/blog\/wp-json\/wp\/v2\/tags?post=7925"}],"curies":[{"name":"wp","href":"https:\/\/api.w.org\/{rel}","templated":true}]}}