{"id":8407,"date":"2022-08-30T12:47:29","date_gmt":"2022-08-30T10:47:29","guid":{"rendered":"https:\/\/woblink.com\/blog\/?p=8407"},"modified":"2025-11-28T10:09:25","modified_gmt":"2025-11-28T09:09:25","slug":"finalowa-siodemka-literackiej-nagrody-europy-srodkowej-angelus-2022","status":"publish","type":"post","link":"https:\/\/woblink.com\/blog\/finalowa-siodemka-literackiej-nagrody-europy-srodkowej-angelus-2022\/","title":{"rendered":"Fina\u0142owa si\u00f3demka Literackiej Nagrody Europy \u015arodkowej Angelus 2022"},"content":{"rendered":"<p><strong>Znamy ju\u017c fina\u0142ow\u0105 si\u00f3demk\u0119 Literackiej Nagrody Europy \u015arodkowej Angelus 2022. W tym gronie znalaz\u0142y si\u0119 a\u017c trzy ksi\u0105\u017cki polskie i po jednej z Bia\u0142orusi, W\u0119gier, Bu\u0142garii i Czech. Nazwisko zwyci\u0119\u017cczyni lub zwyci\u0119zcy poznamy 15 pa\u017adziernika podczas odbywaj\u0105cego si\u0119 we Wroc\u0142awiu Bruno Schulz. Festiwalu. Fundatorem Literackiej Nagrody Europy \u015arodkowej Angelus jest miasto Wroclaw [Wroclove].<\/strong><\/p>\n<p><!--more--><\/p>\n<h2 dir=\"auto\" style=\"text-align: center;\">Literacka Nagroda Europy \u015arodkowej Angelus 2022 \u2013 fina\u0142owa si\u00f3demka<\/h2>\n<h3 dir=\"auto\">1. Alhierd Bacharewicz, \u201eSroka na szubienicy\u201d, t\u0142um. Igor Maksymiuk, Jan Maksymiuk, Fundacja Pogranicze i O\u015brodek \u201ePogranicze \u2013 sztuk, kultur, narod\u00f3w\u201d (Bia\u0142oru\u015b)<\/h3>\n<p>To po\u0142\u0105czenie powie\u015bci politycznej z elementami dreszczowca, zagadk\u0105 kryminaln\u0105 i histori\u0105 mi\u0142osn\u0105. Bia\u0142oru\u015b w \u201eSroce na szubienicy\u201d jest krajem rz\u0105dzonym tward\u0105 r\u0119k\u0105 dyktatora, gdzie dysydenci s\u0105 wiezieni w wirtualnych obozach koncentracyjnych. Kiedy w 2020 roku Bia\u0142orusini wyszli na ulice w prote\u015bcie przeciwko sfa\u0142szowaniu wybor\u00f3w prezydenckich, antyutopijna wizja Bacharewicza sta\u0142a si\u0119 przera\u017caj\u0105co realna.<\/p>\n<p><img decoding=\"async\" loading=\"lazy\" class=\"aligncenter wp-image-8409 size-medium\" src=\"https:\/\/i0.wp.com\/woblink.com\/blog\/wp-content\/uploads\/61d941441aa32-1.jpeg?resize=190%2C300&#038;ssl=1\" alt=\"Angelus 2022: Sroka na szubienicy\" width=\"190\" height=\"300\" srcset=\"https:\/\/i0.wp.com\/woblink.com\/blog\/wp-content\/uploads\/61d941441aa32-1.jpeg?resize=190%2C300&amp;ssl=1 190w, https:\/\/i0.wp.com\/woblink.com\/blog\/wp-content\/uploads\/61d941441aa32-1.jpeg?resize=420%2C660&amp;ssl=1 420w, https:\/\/i0.wp.com\/woblink.com\/blog\/wp-content\/uploads\/61d941441aa32-1.jpeg?w=500&amp;ssl=1 500w\" sizes=\"(max-width: 190px) 100vw, 190px\" data-recalc-dims=\"1\" \/><\/p>\n<h3 dir=\"auto\">2. Kapka Kassabova, \u201eW stron\u0119 Ochrydy. Podr\u00f3\u017c przez wojn\u0119 i pok\u00f3j\u201d, t\u0142um. Krzysztof \u015aroda, <span class=\"rse6dlih\">Wydawnictwo Czarne<\/span> (Bu\u0142garia)<\/h3>\n<p>Kassabova wyrusza nad jezioro Ochrydzkie i Presp\u0119 \u0142\u0105cz\u0105ce w g\u0142\u0119bi podziemne rzeki. Na powierzchni dziel\u0105 je trzy kraje: Albania Grecja oraz Macedonia. Pi\u0119tno na tym regionie odcisn\u0119\u0142y polityka i geografia, a rodzinna trauma mieszka\u0144c\u00f3w przekazywana jest z pokolenia na pokolenie. To w\u0142a\u015bnie st\u0105d pochodzi cz\u0119\u015b\u0107 przodk\u00f3w autorki. Kassabova podczas podr\u00f3\u017cy chce zrozumie\u0107 dzieje rodziny, uwolni\u0107 si\u0119 od dziedzictwa. Opr\u00f3cz przesz\u0142o\u015bci krainy poznaje tez jej tera\u017aniejszo\u015b\u0107. Spotkania ze wsp\u00f3\u0142czesnymi mieszka\u0144cami pozwalaj\u0105 uwierzy\u0107 jej, \u017ce mo\u017cna zmieni\u0107 przysz\u0142o\u015b\u0107 i odrzuci\u0107 pami\u0119\u0107 o krzywdach czy cierpieniach.<\/p>\n<figure id=\"attachment_8410\" aria-describedby=\"caption-attachment-8410\" style=\"width: 194px\" class=\"wp-caption aligncenter\"><a href=\"https:\/\/woblink.com\/ebook\/w-strone-ochrydy-kapka-kassabova-208078u\"><img decoding=\"async\" loading=\"lazy\" class=\"wp-image-8410 size-medium\" src=\"https:\/\/i0.wp.com\/woblink.com\/blog\/wp-content\/uploads\/6074e15dbe5eb-1.jpeg?resize=194%2C300&#038;ssl=1\" alt=\"\" width=\"194\" height=\"300\" srcset=\"https:\/\/i0.wp.com\/woblink.com\/blog\/wp-content\/uploads\/6074e15dbe5eb-1.jpeg?resize=194%2C300&amp;ssl=1 194w, https:\/\/i0.wp.com\/woblink.com\/blog\/wp-content\/uploads\/6074e15dbe5eb-1.jpeg?w=554&amp;ssl=1 554w\" sizes=\"(max-width: 194px) 100vw, 194px\" data-recalc-dims=\"1\" \/><\/a><figcaption id=\"caption-attachment-8410\" class=\"wp-caption-text\"><center><strong>Kup <a href=\"https:\/\/woblink.com\/ebook\/w-strone-ochrydy-kapka-kassabova-208078u\">ebooka<\/a> lub <a href=\"hhttps:\/\/woblink.com\/ksiazka\/w-strone-ochrydy-podroz-przez-wojne-i-pokoj-kassabova-kapka-208330\">ksi\u0105\u017ck\u0119 W stron\u0119 Ochrydy. Podr\u00f3\u017c przez wojn\u0119 i pok\u00f3j<\/a> na Woblink.com<\/strong><\/center><\/figcaption><\/figure>\n<h3 dir=\"auto\">3. Zolt\u00e1n Mih\u00e1ly Nagy, \u201eSzata\u0144ski pomiot\u201d, t\u0142um. Daniel Warmuz,<span class=\"rse6dlih\"> Warsztaty Kultur<\/span>y (W\u0119gry)<\/h3>\n<p>\u201eSzata\u0144ski pomiot\u201d to poetycka opowie\u015b\u0107 o losach m\u0142odej W\u0119gierki z Zakarpacia. Zha\u0144biona przez sowieckich \u017co\u0142nierzy i odtr\u0105cona przez wiejsk\u0105 spo\u0142eczno\u015b\u0107 postanawia urodzi\u0107 nie\u015blubne dziecko oraz podj\u0105\u0107 trudn\u0105 walk\u0119 o mi\u0142o\u015b\u0107 swojego \u017cycia.<\/p>\n<p><img decoding=\"async\" loading=\"lazy\" class=\"aligncenter wp-image-8411 size-medium\" src=\"https:\/\/i0.wp.com\/woblink.com\/blog\/wp-content\/uploads\/61024d1639187-1.jpeg?resize=235%2C300&#038;ssl=1\" alt=\"Angelus 2022: Szata\u0144ski pomiot\" width=\"235\" height=\"300\" srcset=\"https:\/\/i0.wp.com\/woblink.com\/blog\/wp-content\/uploads\/61024d1639187-1.jpeg?resize=235%2C300&amp;ssl=1 235w, https:\/\/i0.wp.com\/woblink.com\/blog\/wp-content\/uploads\/61024d1639187-1.jpeg?w=500&amp;ssl=1 500w\" sizes=\"(max-width: 235px) 100vw, 235px\" data-recalc-dims=\"1\" \/><\/p>\n<h3 dir=\"auto\">4. Edward Pasewicz, \u201ePulverkopf\u201d, <span class=\"rse6dlih\">Wielka Litera<\/span> (Polska)<\/h3>\n<p>Motywem przewodnim powie\u015bci Edwarda Pasewicza jest obsesyjne wr\u0119cz poszukiwanie prawdy o losach niemieckiego kompozytora Norberta von Hannenheima.. To te\u017c opowie\u015b\u0107 o byciu odmie\u0144cem, gdy \u017cycie nie daje innego wyboru. Akcja rozgrywa si\u0119 w Meseritz (obecnie Mi\u0119dzyrzeczw Polsce) kilkadziesi\u0105t lat po wojnie. Miasto nadal pe\u0142ne jest duch\u00f3w przesz\u0142o\u015bci i uprzedze\u0144. Nastoletni Patryk Werhunt znajduje niespodziewanie zw\u0142oki jednego z s\u0105siad\u00f3w. Okoliczno\u015bci \u015bmierci budz\u0105 w\u0105tpliwo\u015bci, a cie\u0144 podejrzenia pada w ko\u0144cu na m\u0142odego ch\u0142opaka.<\/p>\n<figure id=\"attachment_8413\" aria-describedby=\"caption-attachment-8413\" style=\"width: 200px\" class=\"wp-caption aligncenter\"><a href=\"https:\/\/woblink.com\/ebook\/pulverkopf-edward-pasewicz-215613u?szukaj=pulverkopf&amp;gdzie=ebooks\"><img decoding=\"async\" loading=\"lazy\" class=\"wp-image-8413 size-medium\" src=\"https:\/\/i0.wp.com\/woblink.com\/blog\/wp-content\/uploads\/60acb53d2e232-1.jpeg?resize=200%2C300&#038;ssl=1\" alt=\"\" width=\"200\" height=\"300\" srcset=\"https:\/\/i0.wp.com\/woblink.com\/blog\/wp-content\/uploads\/60acb53d2e232-1.jpeg?resize=200%2C300&amp;ssl=1 200w, https:\/\/i0.wp.com\/woblink.com\/blog\/wp-content\/uploads\/60acb53d2e232-1.jpeg?w=569&amp;ssl=1 569w\" sizes=\"(max-width: 200px) 100vw, 200px\" data-recalc-dims=\"1\" \/><\/a><figcaption id=\"caption-attachment-8413\" class=\"wp-caption-text\"><center><strong>Kup <a href=\"https:\/\/woblink.com\/ebook\/pulverkopf-edward-pasewicz-215613u?szukaj=pulverkopf&amp;gdzie=ebooks\">ksi\u0105\u017ck\u0119 Pulverkopf<\/a> na Woblink.com<\/strong><\/center><\/figcaption><\/figure>\n<h3 dir=\"auto\">5. Jaroslav Rudi\u0161, \u201eOstatnia podr\u00f3\u017c Winterberga\u201d, t\u0142um. Ma\u0142gorzata Grali\u0144ska, <span class=\"rse6dlih\">Wydawnictwo Ksi\u0105\u017ckowe Klimaty<\/span> (Czechy)<\/h3>\n<p>Bohaterami powie\u015bci\u0105 s\u0105 Jan Kraus i Wenzel Winterberg. Pierwszy z nich przez laty uciek\u0142 z Czechos\u0142owacji, a nast\u0119pnie trafi\u0142 do niemieckiego wi\u0119zienia. Drugi ma prawie sto lat i nie rozstaje si\u0119 z czerwonym bedekerem, przewodnikiem z 1913 roku. Obaj m\u0119\u017cczy\u017ani wyruszaj\u0105 w podr\u00f3\u017c poci\u0105giem po wsp\u00f3\u0142czesnej Europie, jednocze\u015bnie poruszaj\u0105c si\u0119 dawnej wielonarodowej monarchii.<\/p>\n<figure id=\"attachment_8414\" aria-describedby=\"caption-attachment-8414\" style=\"width: 194px\" class=\"wp-caption aligncenter\"><a href=\"https:\/\/woblink.com\/ebook\/ostatnia-podroz-winterberga-jaroslav-rudis-225872u\"><img decoding=\"async\" loading=\"lazy\" class=\"wp-image-8414 size-medium\" src=\"https:\/\/i0.wp.com\/woblink.com\/blog\/wp-content\/uploads\/61eff8a1b44ea-1.jpeg?resize=194%2C300&#038;ssl=1\" alt=\"\" width=\"194\" height=\"300\" srcset=\"https:\/\/i0.wp.com\/woblink.com\/blog\/wp-content\/uploads\/61eff8a1b44ea-1.jpeg?resize=194%2C300&amp;ssl=1 194w, https:\/\/i0.wp.com\/woblink.com\/blog\/wp-content\/uploads\/61eff8a1b44ea-1.jpeg?w=552&amp;ssl=1 552w\" sizes=\"(max-width: 194px) 100vw, 194px\" data-recalc-dims=\"1\" \/><\/a><figcaption id=\"caption-attachment-8414\" class=\"wp-caption-text\"><center><strong>Kup <a href=\"https:\/\/woblink.com\/ebook\/ostatnia-podroz-winterberga-jaroslav-rudis-225872u\">ebooka<\/a> lub <a href=\"https:\/\/woblink.com\/ksiazka\/ostatnia-podroz-winterberga-jaroslav-rudis-226048\">ksi\u0105\u017ck\u0119 Ostatnia podr\u00f3\u017c Winterberga<\/a> na Woblink.com<\/strong><\/center><\/figcaption><\/figure>\n<h3 dir=\"auto\">6. Andrzej Stasiuk, \u201ePrzew\u00f3z\u201d, Wydawnictwo Czarne (Polska)<\/h3>\n<p>W \u201ePrzewozie\u201d Andrzej Stasiuk zabiera czytelnik\u00f3w w podr\u00f3\u017c w przesz\u0142o\u015b\u0107, do czasu II wojny \u015bwiatowej. Akcja powie\u015bci rozgrywa si\u0119 lecie 1941 roku. Rzeczywisto\u015b\u0107 podzielona jest na dwie cz\u0119\u015bci \u2013 z jednej strony rzeki stacjonuj\u0105 Niemcy, na drugim brzegu stoj\u0105 Rosjanie. W epicentrum tego horroru znajduje si\u0119 wiejski przewo\u017anik, kt\u00f3ry pod os\u0142on\u0105 nocy, ka\u017cdego kto mu zap\u0142aci, przeprowadza na drug\u0105 stron\u0119. Po wielu latach od tamtych wydarze\u0144 narrator podejmuje si\u0119 odtworzenia opowie\u015bci, kt\u00f3r\u0105 kiedy\u015b przekaza\u0142 mu ojciec.<\/p>\n<figure id=\"attachment_8415\" aria-describedby=\"caption-attachment-8415\" style=\"width: 184px\" class=\"wp-caption aligncenter\"><a href=\"https:\/\/woblink.com\/ebook\/przewoz-andrzej-stasiuk-210176u\"><img decoding=\"async\" loading=\"lazy\" class=\"wp-image-8415 size-medium\" src=\"https:\/\/i0.wp.com\/woblink.com\/blog\/wp-content\/uploads\/62288b4a6c461-1.jpeg?resize=184%2C300&#038;ssl=1\" alt=\"Angelus 2022: Przew\u00f3z\" width=\"184\" height=\"300\" srcset=\"https:\/\/i0.wp.com\/woblink.com\/blog\/wp-content\/uploads\/62288b4a6c461-1.jpeg?resize=184%2C300&amp;ssl=1 184w, https:\/\/i0.wp.com\/woblink.com\/blog\/wp-content\/uploads\/62288b4a6c461-1.jpeg?w=524&amp;ssl=1 524w\" sizes=\"(max-width: 184px) 100vw, 184px\" data-recalc-dims=\"1\" \/><\/a><figcaption id=\"caption-attachment-8415\" class=\"wp-caption-text\"><center><strong>Kup <a href=\"https:\/\/woblink.com\/ebook\/przewoz-andrzej-stasiuk-210176u\">ebooka<\/a> lub <a href=\"https:\/\/woblink.com\/audiobook\/przewoz-andrzej-stasiuk-215395\">audiobooka Przew\u00f3z<\/a> na Woblink.com<\/strong><\/center><\/figcaption><\/figure>\n<h3 dir=\"auto\">7. Katarzyna Surmiak-Doma\u0144ska, \u201eCzystka\u201d, Wydawnictwo Czarne (Polska)<\/h3>\n<p>Fina\u0142ow\u0105 si\u00f3demk\u0119 nominowan\u0105 do Literackiej Nagrody Europy \u015arodkowej Angelus 2022 zamyka \u201eCzystka\u201d b\u0119d\u0105ca pisan\u0105 z reportersk\u0105 wnikliwo\u015bci\u0105 sag\u0105 rodzinn\u0105. Katarzyna Surmiak-Doma\u0144ska przeprowadzi\u0142a \u015bledztwo genealogiczne. Na podstawie jej bada\u0144, kt\u00f3re nie by\u0142y rzecz jasna wolne od czu\u0142o\u015bci, stopniowo krystalizowa\u0142 si\u0119 obraz wiejskiego \u017cycia na Kresach. Zag\u0142\u0119bienie si\u0119 w rodzinne perypetie, sta\u0142o si\u0119 dla Surmiak-Doma\u0144skiej pretekstem do opowiedzenia o idyllicznej przedwojennej wielokulturowo\u015bci, horrorze wojny, rzezi wo\u0142y\u0144skiej, Zag\u0142adzie, wysiedleniach i pr\u00f3bach stworzenia nowego, wolnego \u015bwiata. Odkrywanie rodzinnych korzeni zaprowadzi\u0142o autork\u0119 do Francji, Niemiec i Stan\u00f3w Zjednoczonych.<\/p>\n<figure id=\"attachment_8417\" aria-describedby=\"caption-attachment-8417\" style=\"width: 187px\" class=\"wp-caption aligncenter\"><a href=\"https:\/\/woblink.com\/ebook\/czystka-katarzyna-surmiak-domanska-224174u\"><img decoding=\"async\" loading=\"lazy\" class=\"wp-image-8417 size-medium\" src=\"https:\/\/i0.wp.com\/woblink.com\/blog\/wp-content\/uploads\/6164d2a4c027a.jpeg?resize=187%2C300&#038;ssl=1\" alt=\"\" width=\"187\" height=\"300\" srcset=\"https:\/\/i0.wp.com\/woblink.com\/blog\/wp-content\/uploads\/6164d2a4c027a.jpeg?resize=187%2C300&amp;ssl=1 187w, https:\/\/i0.wp.com\/woblink.com\/blog\/wp-content\/uploads\/6164d2a4c027a.jpeg?w=532&amp;ssl=1 532w\" sizes=\"(max-width: 187px) 100vw, 187px\" data-recalc-dims=\"1\" \/><\/a><figcaption id=\"caption-attachment-8417\" class=\"wp-caption-text\"><center><strong>Kup <a href=\"https:\/\/woblink.com\/ebook\/czystka-katarzyna-surmiak-domanska-224174u\">ebooka<\/a> lub <a href=\"https:\/\/woblink.com\/ksiazka\/czystka-katarzyna-surmiak-domanska-223899\">ksi\u0105\u017ck\u0119 Czystka<\/a> na Woblink.com<\/strong><\/center><\/figcaption><\/figure>\n<h3>Literacka Nagroda Europy \u015arodkowej Angelus 2022 \u2013 nowy sk\u0142ad jury<\/h3>\n<p>W tym roku jury przewodzi Martin Pollack, austriacki pisarz i t\u0142umacz literatury polskiej, laureat Angelusa z 2007 roku. Razem z nim w jury zasiadaj\u0105: Wojciech Browarny (literaturoznawca, profesor Uniwersytetu Wroc\u0142awskiego), Kinga Dunin (socjolo\u017cka, publicystka, krytyczka literacka), Micha\u0142 Noga\u015b (dziennikarz radiowy i prasowy zwi\u0105zany obecnie z \u201eGazet\u0105 Wyborcz\u0105\u201d i Radiem Nowy \u015awiat), Myko\u0142a Riabczuk (ukrai\u0144ski krytyk literacki i eseista), Justyna Sobolewska (krytyczka literacka, dziennikarka tygodnika \u201ePolityka\u201d), a tak\u017ce Andrzej Zawada (krytyk i historyk literatury, professor emeritus Uniwersytetu Wroc\u0142awskiego).<\/p>\n<h3>Bruno Schulz. Festiwal<\/h3>\n<p>Nazwisko laureatki b\u0105d\u017a laureata tegorocznej edycji poznamy 15 pa\u017adziernika podczas wsp\u00f3lnej gali Angelusa i Wroc\u0142awskiej Nagrody Poetycka Silesius. B\u0119dzie to te\u017c punkt kulminacyjny trwaj\u0105cego w\u00f3wczas we Wroc\u0142awiu Bruno Schulz. Festiwal.<br \/>\nW tym roku Angelus zostanie wr\u0119czony ju\u017c po raz siedemnasty. Na autork\u0119 b\u0105d\u017a autora zwyci\u0119skiej ksi\u0105\u017cki czeka wyr\u00f3\u017cnienie w wysoko\u015bci 150 tys. z\u0142. Ponadto wszyscy finali\u015bci otrzymaj\u0105 po 5 tys. z\u0142 za nominacj\u0119, z kolei nagroda za przek\u0142ad wyniesie 40 tys. z\u0142. Je\u015bli zwyci\u0119\u017cy ksi\u0105\u017cka napisana w j\u0119zyku polskim wskazany zostanie t\u0142umacz lub t\u0142umaczka innego z fina\u0142owych tytu\u0142\u00f3w.<\/p>\n<h3>Nagroda Publiczno\u015bci im. Natalii Gorbaniewskiej<\/h3>\n<p>Tak samo jak w latach ubieg\u0142ych wr\u0119czona zostanie Nagroda Publiczno\u015bci im. Natalii Gorbaniewskiej. Od 2020 wyr\u00f3\u017cnienie to przyznawane jest w internetowym plebiscycie przez czytelnik\u00f3w. Zwyci\u0119zca b\u0105d\u017a zwyci\u0119\u017cczyni otrzyma zaproszenie na trzymiesi\u0119czn\u0105 rezydencj\u0119 literack\u0105 do Wroc\u0142awia. W tym roku plebiscyt wystartuje 15 wrze\u015bnia i zako\u0144czy si\u0119 14 pa\u017adziernika. G\u0142osowanie b\u0119dzie odbywa\u0107 si\u0119 na stronie www.angelus.com.pl.<\/p>\n<p><iframe loading=\"lazy\" style=\"border: none; overflow: hidden;\" src=\"https:\/\/www.facebook.com\/plugins\/post.php?href=https%3A%2F%2Fwww.facebook.com%2FNagrodaAngelus%2Fposts%2Fpfbid0uhMsP7LmGx3zJPeq8yF8U2JEM1BYL2nkhPYacELP7zLdvGQzhM5DhTdvhdF8FHEZl&amp;show_text=true&amp;width=500\" width=\"500\" height=\"750\" frameborder=\"0\" scrolling=\"no\" allowfullscreen=\"allowfullscreen\"><\/iframe><\/p>\n<p>Zdj\u0119cie wyr\u00f3\u017cniaj\u0105ce pochodzi z oficjalnej strony <a href=\"http:\/\/angelus.com.pl\/2022\/08\/finalowa-siodemka-angelusa-2022\/\">Nagrody Angelus<\/a><\/p>\n","protected":false},"excerpt":{"rendered":"<p>Znamy ju\u017c fina\u0142ow\u0105 si\u00f3demk\u0119 Literackiej Nagrody Europy \u015arodkowej Angelus 2022. W tym gronie znalaz\u0142y si\u0119 a\u017c trzy ksi\u0105\u017cki polskie i po jednej z Bia\u0142orusi, W\u0119gier, Bu\u0142garii i Czech. Nazwisko zwyci\u0119\u017cczyni lub zwyci\u0119zcy poznamy 15 pa\u017adziernika podczas odbywaj\u0105cego si\u0119 we Wroc\u0142awiu Bruno Schulz. Festiwalu. Fundatorem Literackiej&#8230;<\/p>\n","protected":false},"author":8,"featured_media":8408,"comment_status":"closed","ping_status":"open","sticky":false,"template":"","format":"standard","meta":[],"categories":[79],"tags":[],"yoast_head":"<!-- This site is optimized with the Yoast SEO plugin v20.11 - https:\/\/yoast.com\/wordpress\/plugins\/seo\/ -->\n<title>Fina\u0142owa si\u00f3demka Literackiej Nagrody Europy \u015arodkowej Angelus 2022 - Woblink<\/title>\n<meta name=\"description\" content=\"Znamy ju\u017c fina\u0142ow\u0105 si\u00f3demk\u0119 Literackiej Nagrody Europy \u015arodkowej Angelus 2022. Nazwisko zwyci\u0119\u017cczyni lub zwyci\u0119zcy poznamy 15 pa\u017adziernika.\" \/>\n<meta name=\"robots\" content=\"index, follow, max-snippet:-1, max-image-preview:large, max-video-preview:-1\" \/>\n<link rel=\"canonical\" href=\"https:\/\/woblink.com\/blog\/finalowa-siodemka-literackiej-nagrody-europy-srodkowej-angelus-2022\/\" \/>\n<meta property=\"og:locale\" content=\"pl_PL\" \/>\n<meta property=\"og:type\" content=\"article\" \/>\n<meta property=\"og:title\" content=\"Fina\u0142owa si\u00f3demka Literackiej Nagrody Europy \u015arodkowej Angelus 2022 - Woblink\" \/>\n<meta property=\"og:description\" content=\"Znamy ju\u017c fina\u0142ow\u0105 si\u00f3demk\u0119 Literackiej Nagrody Europy \u015arodkowej Angelus 2022. Nazwisko zwyci\u0119\u017cczyni lub zwyci\u0119zcy poznamy 15 pa\u017adziernika.\" \/>\n<meta property=\"og:url\" content=\"https:\/\/woblink.com\/blog\/finalowa-siodemka-literackiej-nagrody-europy-srodkowej-angelus-2022\/\" \/>\n<meta property=\"og:site_name\" content=\"Woblink\" \/>\n<meta property=\"article:publisher\" content=\"https:\/\/facebook.com\/woblink\" \/>\n<meta property=\"article:published_time\" content=\"2022-08-30T10:47:29+00:00\" \/>\n<meta property=\"article:modified_time\" content=\"2025-11-28T09:09:25+00:00\" \/>\n<meta property=\"og:image\" content=\"https:\/\/woblink.com\/blog\/wp-content\/uploads\/angelus-1.png\" \/>\n\t<meta property=\"og:image:width\" content=\"1011\" \/>\n\t<meta property=\"og:image:height\" content=\"690\" \/>\n\t<meta property=\"og:image:type\" content=\"image\/png\" \/>\n<meta name=\"author\" content=\"Martyna Latkowska\" \/>\n<meta name=\"twitter:card\" content=\"summary_large_image\" \/>\n<meta name=\"twitter:creator\" content=\"@woblink_com\" \/>\n<meta name=\"twitter:site\" content=\"@woblink_com\" \/>\n<meta name=\"twitter:label1\" content=\"Napisane przez\" \/>\n\t<meta name=\"twitter:data1\" content=\"Martyna Latkowska\" \/>\n\t<meta name=\"twitter:label2\" content=\"Szacowany czas czytania\" \/>\n\t<meta name=\"twitter:data2\" content=\"5 minut\" \/>\n<script type=\"application\/ld+json\" class=\"yoast-schema-graph\">{\"@context\":\"https:\/\/schema.org\",\"@graph\":[{\"@type\":\"Article\",\"@id\":\"https:\/\/woblink.com\/blog\/finalowa-siodemka-literackiej-nagrody-europy-srodkowej-angelus-2022\/#article\",\"isPartOf\":{\"@id\":\"https:\/\/woblink.com\/blog\/finalowa-siodemka-literackiej-nagrody-europy-srodkowej-angelus-2022\/\"},\"author\":{\"name\":\"Martyna Latkowska\",\"@id\":\"https:\/\/woblink.com\/blog\/#\/schema\/person\/d06fc73a6248316414fcea8f9e4bddaf\"},\"headline\":\"Fina\u0142owa si\u00f3demka Literackiej Nagrody Europy \u015arodkowej Angelus 2022\",\"datePublished\":\"2022-08-30T10:47:29+00:00\",\"dateModified\":\"2025-11-28T09:09:25+00:00\",\"mainEntityOfPage\":{\"@id\":\"https:\/\/woblink.com\/blog\/finalowa-siodemka-literackiej-nagrody-europy-srodkowej-angelus-2022\/\"},\"wordCount\":1099,\"publisher\":{\"@id\":\"https:\/\/woblink.com\/blog\/#organization\"},\"articleSection\":[\"Nagrody literackie\"],\"inLanguage\":\"pl-PL\"},{\"@type\":\"WebPage\",\"@id\":\"https:\/\/woblink.com\/blog\/finalowa-siodemka-literackiej-nagrody-europy-srodkowej-angelus-2022\/\",\"url\":\"https:\/\/woblink.com\/blog\/finalowa-siodemka-literackiej-nagrody-europy-srodkowej-angelus-2022\/\",\"name\":\"Fina\u0142owa si\u00f3demka Literackiej Nagrody Europy \u015arodkowej Angelus 2022 - Woblink\",\"isPartOf\":{\"@id\":\"https:\/\/woblink.com\/blog\/#website\"},\"datePublished\":\"2022-08-30T10:47:29+00:00\",\"dateModified\":\"2025-11-28T09:09:25+00:00\",\"description\":\"Znamy ju\u017c fina\u0142ow\u0105 si\u00f3demk\u0119 Literackiej Nagrody Europy \u015arodkowej Angelus 2022. Nazwisko zwyci\u0119\u017cczyni lub zwyci\u0119zcy poznamy 15 pa\u017adziernika.\",\"breadcrumb\":{\"@id\":\"https:\/\/woblink.com\/blog\/finalowa-siodemka-literackiej-nagrody-europy-srodkowej-angelus-2022\/#breadcrumb\"},\"inLanguage\":\"pl-PL\",\"potentialAction\":[{\"@type\":\"ReadAction\",\"target\":[\"https:\/\/woblink.com\/blog\/finalowa-siodemka-literackiej-nagrody-europy-srodkowej-angelus-2022\/\"]}]},{\"@type\":\"BreadcrumbList\",\"@id\":\"https:\/\/woblink.com\/blog\/finalowa-siodemka-literackiej-nagrody-europy-srodkowej-angelus-2022\/#breadcrumb\",\"itemListElement\":[{\"@type\":\"ListItem\",\"position\":1,\"name\":\"Strona g\u0142\u00f3wna\",\"item\":\"https:\/\/woblink.com\/blog\/\"},{\"@type\":\"ListItem\",\"position\":2,\"name\":\"Fina\u0142owa si\u00f3demka Literackiej Nagrody Europy \u015arodkowej Angelus 2022\"}]},{\"@type\":\"WebSite\",\"@id\":\"https:\/\/woblink.com\/blog\/#website\",\"url\":\"https:\/\/woblink.com\/blog\/\",\"name\":\"Woblink\",\"description\":\"najlepszy firmowy blog o ksi\u0105\u017ckach\",\"publisher\":{\"@id\":\"https:\/\/woblink.com\/blog\/#organization\"},\"potentialAction\":[{\"@type\":\"SearchAction\",\"target\":{\"@type\":\"EntryPoint\",\"urlTemplate\":\"https:\/\/woblink.com\/blog\/?s={search_term_string}\"},\"query-input\":\"required name=search_term_string\"}],\"inLanguage\":\"pl-PL\"},{\"@type\":\"Organization\",\"@id\":\"https:\/\/woblink.com\/blog\/#organization\",\"name\":\"Woblink\",\"url\":\"https:\/\/woblink.com\/blog\/\",\"logo\":{\"@type\":\"ImageObject\",\"inLanguage\":\"pl-PL\",\"@id\":\"https:\/\/woblink.com\/blog\/#\/schema\/logo\/image\/\",\"url\":\"https:\/\/i0.wp.com\/woblink.com\/blog\/wp-content\/uploads\/2019\/04\/nw_logoB.png?fit=185%2C42&ssl=1\",\"contentUrl\":\"https:\/\/i0.wp.com\/woblink.com\/blog\/wp-content\/uploads\/2019\/04\/nw_logoB.png?fit=185%2C42&ssl=1\",\"width\":185,\"height\":42,\"caption\":\"Woblink\"},\"image\":{\"@id\":\"https:\/\/woblink.com\/blog\/#\/schema\/logo\/image\/\"},\"sameAs\":[\"https:\/\/facebook.com\/woblink\",\"https:\/\/twitter.com\/woblink_com\",\"https:\/\/www.instagram.com\/woblink_com\",\"https:\/\/www.linkedin.com\/company\/woblink\/\"]},{\"@type\":\"Person\",\"@id\":\"https:\/\/woblink.com\/blog\/#\/schema\/person\/d06fc73a6248316414fcea8f9e4bddaf\",\"name\":\"Martyna Latkowska\",\"image\":{\"@type\":\"ImageObject\",\"inLanguage\":\"pl-PL\",\"@id\":\"https:\/\/woblink.com\/blog\/#\/schema\/person\/image\/\",\"url\":\"https:\/\/secure.gravatar.com\/avatar\/3641413a23450aabd0b2d5a09b6e1936?s=96&d=mm&r=g\",\"contentUrl\":\"https:\/\/secure.gravatar.com\/avatar\/3641413a23450aabd0b2d5a09b6e1936?s=96&d=mm&r=g\",\"caption\":\"Martyna Latkowska\"},\"url\":\"https:\/\/woblink.com\/blog\/author\/gancarczyk\/\"}]}<\/script>\n<!-- \/ Yoast SEO plugin. -->","yoast_head_json":{"title":"Fina\u0142owa si\u00f3demka Literackiej Nagrody Europy \u015arodkowej Angelus 2022 - Woblink","description":"Znamy ju\u017c fina\u0142ow\u0105 si\u00f3demk\u0119 Literackiej Nagrody Europy \u015arodkowej Angelus 2022. Nazwisko zwyci\u0119\u017cczyni lub zwyci\u0119zcy poznamy 15 pa\u017adziernika.","robots":{"index":"index","follow":"follow","max-snippet":"max-snippet:-1","max-image-preview":"max-image-preview:large","max-video-preview":"max-video-preview:-1"},"canonical":"https:\/\/woblink.com\/blog\/finalowa-siodemka-literackiej-nagrody-europy-srodkowej-angelus-2022\/","og_locale":"pl_PL","og_type":"article","og_title":"Fina\u0142owa si\u00f3demka Literackiej Nagrody Europy \u015arodkowej Angelus 2022 - Woblink","og_description":"Znamy ju\u017c fina\u0142ow\u0105 si\u00f3demk\u0119 Literackiej Nagrody Europy \u015arodkowej Angelus 2022. Nazwisko zwyci\u0119\u017cczyni lub zwyci\u0119zcy poznamy 15 pa\u017adziernika.","og_url":"https:\/\/woblink.com\/blog\/finalowa-siodemka-literackiej-nagrody-europy-srodkowej-angelus-2022\/","og_site_name":"Woblink","article_publisher":"https:\/\/facebook.com\/woblink","article_published_time":"2022-08-30T10:47:29+00:00","article_modified_time":"2025-11-28T09:09:25+00:00","og_image":[{"width":1011,"height":690,"url":"https:\/\/woblink.com\/blog\/wp-content\/uploads\/angelus-1.png","type":"image\/png"}],"author":"Martyna Latkowska","twitter_card":"summary_large_image","twitter_creator":"@woblink_com","twitter_site":"@woblink_com","twitter_misc":{"Napisane przez":"Martyna Latkowska","Szacowany czas czytania":"5 minut"},"schema":{"@context":"https:\/\/schema.org","@graph":[{"@type":"Article","@id":"https:\/\/woblink.com\/blog\/finalowa-siodemka-literackiej-nagrody-europy-srodkowej-angelus-2022\/#article","isPartOf":{"@id":"https:\/\/woblink.com\/blog\/finalowa-siodemka-literackiej-nagrody-europy-srodkowej-angelus-2022\/"},"author":{"name":"Martyna Latkowska","@id":"https:\/\/woblink.com\/blog\/#\/schema\/person\/d06fc73a6248316414fcea8f9e4bddaf"},"headline":"Fina\u0142owa si\u00f3demka Literackiej Nagrody Europy \u015arodkowej Angelus 2022","datePublished":"2022-08-30T10:47:29+00:00","dateModified":"2025-11-28T09:09:25+00:00","mainEntityOfPage":{"@id":"https:\/\/woblink.com\/blog\/finalowa-siodemka-literackiej-nagrody-europy-srodkowej-angelus-2022\/"},"wordCount":1099,"publisher":{"@id":"https:\/\/woblink.com\/blog\/#organization"},"articleSection":["Nagrody literackie"],"inLanguage":"pl-PL"},{"@type":"WebPage","@id":"https:\/\/woblink.com\/blog\/finalowa-siodemka-literackiej-nagrody-europy-srodkowej-angelus-2022\/","url":"https:\/\/woblink.com\/blog\/finalowa-siodemka-literackiej-nagrody-europy-srodkowej-angelus-2022\/","name":"Fina\u0142owa si\u00f3demka Literackiej Nagrody Europy \u015arodkowej Angelus 2022 - Woblink","isPartOf":{"@id":"https:\/\/woblink.com\/blog\/#website"},"datePublished":"2022-08-30T10:47:29+00:00","dateModified":"2025-11-28T09:09:25+00:00","description":"Znamy ju\u017c fina\u0142ow\u0105 si\u00f3demk\u0119 Literackiej Nagrody Europy \u015arodkowej Angelus 2022. Nazwisko zwyci\u0119\u017cczyni lub zwyci\u0119zcy poznamy 15 pa\u017adziernika.","breadcrumb":{"@id":"https:\/\/woblink.com\/blog\/finalowa-siodemka-literackiej-nagrody-europy-srodkowej-angelus-2022\/#breadcrumb"},"inLanguage":"pl-PL","potentialAction":[{"@type":"ReadAction","target":["https:\/\/woblink.com\/blog\/finalowa-siodemka-literackiej-nagrody-europy-srodkowej-angelus-2022\/"]}]},{"@type":"BreadcrumbList","@id":"https:\/\/woblink.com\/blog\/finalowa-siodemka-literackiej-nagrody-europy-srodkowej-angelus-2022\/#breadcrumb","itemListElement":[{"@type":"ListItem","position":1,"name":"Strona g\u0142\u00f3wna","item":"https:\/\/woblink.com\/blog\/"},{"@type":"ListItem","position":2,"name":"Fina\u0142owa si\u00f3demka Literackiej Nagrody Europy \u015arodkowej Angelus 2022"}]},{"@type":"WebSite","@id":"https:\/\/woblink.com\/blog\/#website","url":"https:\/\/woblink.com\/blog\/","name":"Woblink","description":"najlepszy firmowy blog o ksi\u0105\u017ckach","publisher":{"@id":"https:\/\/woblink.com\/blog\/#organization"},"potentialAction":[{"@type":"SearchAction","target":{"@type":"EntryPoint","urlTemplate":"https:\/\/woblink.com\/blog\/?s={search_term_string}"},"query-input":"required name=search_term_string"}],"inLanguage":"pl-PL"},{"@type":"Organization","@id":"https:\/\/woblink.com\/blog\/#organization","name":"Woblink","url":"https:\/\/woblink.com\/blog\/","logo":{"@type":"ImageObject","inLanguage":"pl-PL","@id":"https:\/\/woblink.com\/blog\/#\/schema\/logo\/image\/","url":"https:\/\/i0.wp.com\/woblink.com\/blog\/wp-content\/uploads\/2019\/04\/nw_logoB.png?fit=185%2C42&ssl=1","contentUrl":"https:\/\/i0.wp.com\/woblink.com\/blog\/wp-content\/uploads\/2019\/04\/nw_logoB.png?fit=185%2C42&ssl=1","width":185,"height":42,"caption":"Woblink"},"image":{"@id":"https:\/\/woblink.com\/blog\/#\/schema\/logo\/image\/"},"sameAs":["https:\/\/facebook.com\/woblink","https:\/\/twitter.com\/woblink_com","https:\/\/www.instagram.com\/woblink_com","https:\/\/www.linkedin.com\/company\/woblink\/"]},{"@type":"Person","@id":"https:\/\/woblink.com\/blog\/#\/schema\/person\/d06fc73a6248316414fcea8f9e4bddaf","name":"Martyna Latkowska","image":{"@type":"ImageObject","inLanguage":"pl-PL","@id":"https:\/\/woblink.com\/blog\/#\/schema\/person\/image\/","url":"https:\/\/secure.gravatar.com\/avatar\/3641413a23450aabd0b2d5a09b6e1936?s=96&d=mm&r=g","contentUrl":"https:\/\/secure.gravatar.com\/avatar\/3641413a23450aabd0b2d5a09b6e1936?s=96&d=mm&r=g","caption":"Martyna Latkowska"},"url":"https:\/\/woblink.com\/blog\/author\/gancarczyk\/"}]}},"jetpack_featured_media_url":"https:\/\/i0.wp.com\/woblink.com\/blog\/wp-content\/uploads\/angelus-1.png?fit=1011%2C690&ssl=1","_links":{"self":[{"href":"https:\/\/woblink.com\/blog\/wp-json\/wp\/v2\/posts\/8407"}],"collection":[{"href":"https:\/\/woblink.com\/blog\/wp-json\/wp\/v2\/posts"}],"about":[{"href":"https:\/\/woblink.com\/blog\/wp-json\/wp\/v2\/types\/post"}],"author":[{"embeddable":true,"href":"https:\/\/woblink.com\/blog\/wp-json\/wp\/v2\/users\/8"}],"replies":[{"embeddable":true,"href":"https:\/\/woblink.com\/blog\/wp-json\/wp\/v2\/comments?post=8407"}],"version-history":[{"count":6,"href":"https:\/\/woblink.com\/blog\/wp-json\/wp\/v2\/posts\/8407\/revisions"}],"predecessor-version":[{"id":8427,"href":"https:\/\/woblink.com\/blog\/wp-json\/wp\/v2\/posts\/8407\/revisions\/8427"}],"wp:featuredmedia":[{"embeddable":true,"href":"https:\/\/woblink.com\/blog\/wp-json\/wp\/v2\/media\/8408"}],"wp:attachment":[{"href":"https:\/\/woblink.com\/blog\/wp-json\/wp\/v2\/media?parent=8407"}],"wp:term":[{"taxonomy":"category","embeddable":true,"href":"https:\/\/woblink.com\/blog\/wp-json\/wp\/v2\/categories?post=8407"},{"taxonomy":"post_tag","embeddable":true,"href":"https:\/\/woblink.com\/blog\/wp-json\/wp\/v2\/tags?post=8407"}],"curies":[{"name":"wp","href":"https:\/\/api.w.org\/{rel}","templated":true}]}}