{"id":8609,"date":"2022-09-09T10:21:25","date_gmt":"2022-09-09T08:21:25","guid":{"rendered":"https:\/\/woblink.com\/blog\/?p=8609"},"modified":"2022-09-16T08:47:39","modified_gmt":"2022-09-16T06:47:39","slug":"9-wrzesnia-poranny-przeglad-ksiazkoholicznego-internetu","status":"publish","type":"post","link":"https:\/\/woblink.com\/blog\/9-wrzesnia-poranny-przeglad-ksiazkoholicznego-internetu\/","title":{"rendered":"9 wrze\u015bnia \u2013 popo\u0142udniowy przegl\u0105d ksi\u0105\u017ckoholicznego internetu"},"content":{"rendered":"<div style=\"font-weight: bold;\">\u015awiatem wstrz\u0105sn\u0119\u0142a wiadomo\u015b\u0107 o \u015bmierci kr\u00f3lowej El\u017cbiety II. W minionym tygodniu po\u017cegnali\u015bmy tak\u017ce Petera Strauba, autora powie\u015bci grozy. Na pocz\u0105tku wrze\u015bnia poznali\u015bmy finalist\u00f3w takich nagr\u00f3d literackich jak Nike, Booker czy Angelus. Prezentujemy pierwszy woblinkowy przegl\u0105d ksi\u0105\u017ckoholicznego internetu!<\/div>\n<h2>We wpisie znajdziecie:<\/h2>\n<ol>\n<li><a href=\"#Queen\">Odej\u015bcie kr\u00f3lowej El\u017cbiety II<\/a><\/li>\n<li><a href=\"#LOTR\">W\u0142adca Pier\u015bcieni &#8211; kontrowersje wok\u00f3\u0142 serialu<\/a><\/li>\n<li><a href=\"#HL\">Hogwarts Legacy: spacer po pokojach dom\u00f3w z uniwersum Harry&#8217;ego Pottera<\/a><\/li>\n<li><a href=\"#prize\">Finali\u015bci Bookera, Nike i Angelusa<\/a><\/li>\n<li><a href=\"#ps\">Nie \u017cyje Peter Straub, autor \u201eUpiornej opowie\u015bci\u201d<\/a><\/li>\n<li><a href=\"#imp\">Nowy imprint Wydawnictwa Otwartego<\/a><\/li>\n<\/ol>\n<p><!--more--><\/p>\n<h2><a id=\"Queen\"><\/a>Kr\u00f3lowa El\u017cbieta II nie \u017cyje<\/h2>\n<figure id=\"attachment_8601\" aria-describedby=\"caption-attachment-8601\" style=\"width: 211px\" class=\"wp-caption alignright\"><a href=\"https:\/\/woblink.com\/ebook\/elzbieta-filip-diana-i-meghan-zmierzch-swiata-windsorow-marek-rybarczyk-209610u\"><img decoding=\"async\" loading=\"lazy\" class=\"wp-image-8601 size-medium\" src=\"https:\/\/i0.wp.com\/woblink.com\/blog\/wp-content\/uploads\/60513877ab524.jpeg?resize=211%2C300&#038;ssl=1\" alt=\"Zmierzch \u015bwiata Windsor\u00f3w. Marek Rybarczyk\" width=\"211\" height=\"300\" srcset=\"https:\/\/i0.wp.com\/woblink.com\/blog\/wp-content\/uploads\/60513877ab524.jpeg?resize=211%2C300&amp;ssl=1 211w, https:\/\/i0.wp.com\/woblink.com\/blog\/wp-content\/uploads\/60513877ab524.jpeg?w=570&amp;ssl=1 570w\" sizes=\"(max-width: 211px) 100vw, 211px\" data-recalc-dims=\"1\" \/><\/a><figcaption id=\"caption-attachment-8601\" class=\"wp-caption-text\"><center><strong>Kup <a href=\"https:\/\/woblink.com\/ebook\/elzbieta-filip-diana-i-meghan-zmierzch-swiata-windsorow-marek-rybarczyk-209610u\">ebooka<\/a> lub <a href=\"https:\/\/woblink.com\/ksiazka\/elzbieta-filip-diana-i-meghan-zmierzch-swiata-windsorow-marek-rybarczyk-209304\">ksi\u0105\u017ck\u0119 papierow\u0105 El\u017cbieta, Filip, Diana i Meghan. Zmierzch \u015bwiata Windsor\u00f3w <\/a> na Woblink.com<\/strong><\/center><\/figcaption><\/figure>\n<p>W czwartkowy wiecz\u00f3r \u015bwiatem wstrz\u0105sn\u0119\u0142a wiadomo\u015b\u0107 o \u015bmierci kr\u00f3lowej El\u017cbiety II. Monarchini zmar\u0142a 8 wrze\u015bnia w szkockim zamku Balmoral, w wieku 96 lat. Na tronie zasiada\u0142a d\u0142u\u017cej ni\u017c jakikolwiek brytyjski monarcha w historii \u2013 ponad 70 lat. Kr\u00f3lowa wnios\u0142a ogromny wk\u0142ad nie tylko w polityk\u0119, ale tak\u017ce w kultur\u0119, tak\u017ce t\u0119 popularn\u0105.<\/p>\n<p>Po \u015bmierci El\u017cbiety kr\u00f3lem Zjednoczonego Kr\u00f3lestwa Wielkiej Brytanii i Irlandii P\u00f3\u0142nocnej zosta\u0142 jej najstarszy syn, 73-letni Karol. Tym samym m\u0119\u017cczyzna jest najstarszym monarch\u0105 wst\u0119puj\u0105cym na tron brytyjski tron.<\/p>\n<p><strong>Je\u015bli chcecie dowiedzie\u0107 si\u0119 wi\u0119cej o El\u017cbiecie II oraz prze\u015bledzi\u0107 dzieje rodziny Windsor\u00f3w polecamy lektur\u0119 ksi\u0105\u017cek Marka Rybarczyka<\/strong> \u201e<strong><a href=\"https:\/\/woblink.com\/ebook\/elzbieta-filip-diana-i-meghan-zmierzch-swiata-windsorow-marek-rybarczyk-209610u\">El\u017cbieta, Filip, Diana i Meghan. Zmierzch \u015bwiata Windsor\u00f3w<\/a><\/strong>\u201d i \u201e<strong><a href=\"https:\/\/woblink.com\/ebook\/elzbieta-ii-marek-rybarczyk-250010u\">El\u017cbieta II Ostatnia taka kr\u00f3lowa<\/a><\/strong>\u201d.<\/p>\n<blockquote class=\"twitter-tweet\">\n<p dir=\"ltr\" lang=\"en\">The Queen died peacefully at Balmoral this afternoon.<\/p>\n<p>The King and The Queen Consort will remain at Balmoral this evening and will return to London tomorrow. <a href=\"https:\/\/t.co\/VfxpXro22W\">pic.twitter.com\/VfxpXro22W<\/a><\/p>\n<p>\u2014 The Royal Family (@RoyalFamily) <a href=\"https:\/\/twitter.com\/RoyalFamily\/status\/1567928275913121792?ref_src=twsrc%5Etfw\">September 8, 2022<\/a><\/p><\/blockquote>\n<p><script async src=\"https:\/\/platform.twitter.com\/widgets.js\" charset=\"utf-8\"><\/script><\/p>\n<h2><a id=\"LOTR\"><\/a>W\u0142adca Pier\u015bcieni &#8211; kontrowersje wok\u00f3\u0142 serialu<\/h2>\n<p>Jak donosi <a href=\"https:\/\/niestatystyczny.pl\/2022\/09\/05\/pierscienie-wladzy-pobily-rekordy-platformy-najwieksza-premiera-amazon-prime-video\/\"><strong>Niestatystyczny<\/strong><\/a>, Amazon podzieli\u0142 si\u0119 wynikami ogl\u0105dalno\u015bci serialu <strong>\u201eW\u0142adca Pier\u015bcieni: Pier\u015bcienie W\u0142adzy\u201d<\/strong>. Dwa pierwsze odcinki serialowego W\u0142adcy Pier\u015bcieni trafi\u0142y na platform\u0119 Amazona 2 wrze\u015bnia \u2013 w ci\u0105gu pierwszej doby mia\u0142o je obejrze\u0107 a\u017c 25 milion\u00f3w widz\u00f3w na ca\u0142ym \u015bwiecie. To pono\u0107 najlepszy debiut w historii tej platformy. Produkcja budzi liczne kontrowersje: fani <strong><a href=\"https:\/\/woblink.com\/autor\/j-r-r-tolkien-5966\">ksi\u0105\u017cek Tolkiena<\/a><\/strong> krytykuj\u0105 odst\u0119pstwa od orygina\u0142u, na portalach filmowych mo\u017cna zaobserwowa\u0107 masowe wystawianie skrajnych ocen (1\/10 albo 10\/10), a w przypadku nale\u017c\u0105cego do Amazona IMDb moderacja usun\u0119\u0142a negatywne recenzje serialu.<\/p>\n<p><iframe loading=\"lazy\" title=\"YouTube video player\" src=\"https:\/\/www.youtube.com\/embed\/2ptEDDxyz0A\" width=\"760\" height=\"515\" frameborder=\"0\" allowfullscreen=\"allowfullscreen\"><\/iframe><\/p>\n<h2><a id=\"HL\"><\/a>Hogwarts Legacy: spacer po pokojach wsp\u00f3lnych Gryffindoru, Slytherinu, Hufflepuffu i Ravenclawu<\/h2>\n<p>Na portalu <b><a href=\"https:\/\/lubimyczytac.pl\/hogwarts-legacy-przespaceruj-sie-po-pokojach-wspolnych-wszystkich-czterech-domow-hogwartu\">Lubimy Czyta\u0107<\/a><\/b> w sieci pojawi\u0142y si\u0119 nowe oficjalne materia\u0142y ukazuj\u0105ce pokoje wsp\u00f3lne ka\u017cdego z dom\u00f3w. Ciekawostk\u0105 jest to, \u017ce gracze b\u0119d\u0105 mieli szans\u0119 odwiedzi\u0107 pok\u00f3j Wsp\u00f3lny Puchon\u00f3w \u2013 miejsce, do kt\u00f3rego nigdy nie uda\u0142o si\u0119 dotrze\u0107 <strong>Harry&#8217;emu Potterowi<\/strong>. <b>\u201eHogwarts Legacy\u201d<\/b> to prowadzona z perspektywy trzeciej osoby gra RPG z otwartym \u015bwiata. Gracz wciela si\u0119 w niej w m\u0142odego czarodzieja lub czarodziejk\u0119, kt\u00f3ra rozpoczyna swoj\u0105 nauk\u0119 w Hogwarcie. Gra trafi na PC, PlayStation 4, PS5, Xbox One, Xbox Series S\/X i Nintendo Switch. Data premiery zosta\u0142a wyznaczona na 10 lutego przysz\u0142ego roku.<\/p>\n<p><iframe loading=\"lazy\" title=\"YouTube video player\" src=\"https:\/\/www.youtube.com\/embed\/675LFlEPBh0\" width=\"760\" height=\"515\" frameborder=\"0\" allowfullscreen=\"allowfullscreen\"><\/iframe><\/p>\n<p><iframe loading=\"lazy\" title=\"YouTube video player\" src=\"https:\/\/www.youtube.com\/embed\/MJTnYJA2dxE\" width=\"760\" height=\"515\" frameborder=\"0\" allowfullscreen=\"allowfullscreen\"><\/iframe><\/p>\n<p><iframe loading=\"lazy\" title=\"YouTube video player\" src=\"https:\/\/www.youtube.com\/embed\/EoObztiLkEU\" width=\"760\" height=\"515\" frameborder=\"0\" allowfullscreen=\"allowfullscreen\"><\/iframe><\/p>\n<p><iframe loading=\"lazy\" title=\"YouTube video player\" src=\"https:\/\/www.youtube.com\/embed\/lMoKlWjv-zM\" width=\"760\" height=\"515\" frameborder=\"0\" allowfullscreen=\"allowfullscreen\"><\/iframe><\/p>\n<h2><a id=\"prize\"><\/a>Finali\u015bci Bookera, Nike i Angelusa<\/h2>\n<p>Wrzesie\u0144 jest miesi\u0105cem, w kt\u00f3rym poznajemy finalist\u00f3w najwa\u017cniejszych nagr\u00f3d literackich. Wiemy ju\u017c, kto znalaz\u0142 si\u0119 w finale<\/p>\n<ul>\n<li><strong><a href=\"https:\/\/woblink.com\/blog\/man-booker-prize-2022-znamy-6-finalistow\/\">Nagrody Bookera<\/a><\/strong><\/li>\n<li><strong><a href=\"https:\/\/woblink.com\/blog\/nagroda-literacka-nike-2022-finalowa-siodemka\/\">Nagrody Literackiej Nike<\/a><\/strong><\/li>\n<li><strong><a href=\"https:\/\/woblink.com\/blog\/finalowa-siodemka-literackiej-nagrody-europy-srodkowej-angelus-2022\/\">Literackiej Nagrody Europy \u015arodkowej Angelus<\/a><\/strong><\/li>\n<\/ul>\n<p>Nazwiska finalist\u00f3w i finalistek, oraz ksi\u0105\u017cki za jakie otrzymali nominacje, znajdziecie w poprzednich wpisach na naszym blogu. Przejdziecie do nich po klikni\u0119ciu w interesuj\u0105c\u0105 Was nagrod\u0119.<\/p>\n<h2><a id=\"ps\"><\/a>Nie \u017cyje Peter Straub, autor \u201eUpiornej opowie\u015bci\u201d<\/h2>\n<figure id=\"attachment_8603\" aria-describedby=\"caption-attachment-8603\" style=\"width: 193px\" class=\"wp-caption alignleft\"><a href=\"https:\/\/woblink.com\/ebook\/czarny-dom-stephen-king-peter-straub-1410u\"><img decoding=\"async\" loading=\"lazy\" class=\"wp-image-8603 size-medium\" src=\"https:\/\/i0.wp.com\/woblink.com\/blog\/wp-content\/uploads\/6052a88eea6b7.jpeg?resize=193%2C300&#038;ssl=1\" alt=\"Czarny dom. Stephen King. Peter Straub\" width=\"193\" height=\"300\" srcset=\"https:\/\/i0.wp.com\/woblink.com\/blog\/wp-content\/uploads\/6052a88eea6b7.jpeg?resize=193%2C300&amp;ssl=1 193w, https:\/\/i0.wp.com\/woblink.com\/blog\/wp-content\/uploads\/6052a88eea6b7.jpeg?w=551&amp;ssl=1 551w\" sizes=\"(max-width: 193px) 100vw, 193px\" data-recalc-dims=\"1\" \/><\/a><figcaption id=\"caption-attachment-8603\" class=\"wp-caption-text\"><center><strong>Kup <a href=\"https:\/\/woblink.com\/ebook\/czarny-dom-stephen-king-peter-straub-1410u\">ebooka<\/a>, <a href=\"https:\/\/woblink.com\/audiobook\/czarny-dom-peter-straub-stephen-king-194575\">audiobooka<\/a> lub <a href=\"https:\/\/woblink.com\/ksiazka\/czarny-dom-stephen-king-peter-straub-83199\">ksi\u0105\u017ck\u0119 papierow\u0105 William<\/a> na Woblink.com<\/strong><\/center><\/figcaption><\/figure>\n<p>4 wrze\u015bnia zmar\u0142 <strong><a href=\"https:\/\/woblink.com\/autor\/peter-straub-4293\">Peter Straub<\/a><\/strong>, autor znakomitych <strong>powie\u015bci grozy<\/strong> \u2013 w tym kultowej \u201eUpiornej opowie\u015bci\u201d. Pisarz by\u0142 znany tak\u017ce z napisanych wsp\u00f3lnie ze <b>Stephenem Kingiem<\/b> horror\u00f3w \u201e<strong><a href=\"https:\/\/woblink.com\/ebook\/czarny-dom-stephen-king-peter-straub-1410u\">Czarny dom<\/a><\/strong>\u201d i \u201e<strong><a href=\"https:\/\/woblink.com\/ebook\/talizman-stephen-king-peter-straub-1401u\">Talizman<\/a><\/strong>\u201d. To w\u0142a\u015bnie te trzy tytu\u0142u przynios\u0142y mu najwi\u0119ksz\u0105 s\u0142aw\u0119. Straub by\u0142 cz\u0142onkiem Horror Writers Association i PEN-u oraz wielokrotnym laureatem nagrody Brama Stokera i World Fantasy Award.<\/p>\n<p>Autor \u201eKrainy cieni\u201d odszed\u0142 w wieku 79 lat z powodu powik\u0142a\u0144 po z\u0142amaniu biodra. Jego \u015bmier\u0107 dotkn\u0119\u0142a rodzin\u0119, przyjaci\u00f3\u0142 i fan\u00f3w pisarza na ca\u0142ym \u015bwiecie. Na portalu <b><a href=\"https:\/\/booklips.pl\/newsy\/nie-zyje-tworca-literatury-grozy-peter-straub\/\">Booklips<\/a><\/b> mo\u017cemy przeczyta\u0107 wpis Stephena Kinga, w kt\u00f3rym wspomina zmar\u0142ego przyjaciela:<\/p>\n<blockquote><p><em>To smutny dzie\u0144, poniewa\u017c zmar\u0142 m\u00f3j dobry przyjaciel, niesamowicie utalentowany kolega i wsp\u00f3\u0142pracownik Peter Straub. Praca z nim by\u0142a jedn\u0105 z najwi\u0119kszych rado\u015bci w moim tw\u00f3rczym \u017cyciu<\/em>.<\/p><\/blockquote>\n<h2><a id=\"imp\"><\/a>Szczeliny \u2013 nowy imprint Wydawnictwa Otwartego dedykowany literaturze non-fiction<\/h2>\n<figure id=\"attachment_8367\" aria-describedby=\"caption-attachment-8367\" style=\"width: 193px\" class=\"wp-caption alignright\"><a href=\"https:\/\/woblink.com\/ebook\/ameryka-dom-podzielony-andrzej-kohut-256325u\"><img decoding=\"async\" loading=\"lazy\" class=\"wp-image-8367 size-medium\" src=\"https:\/\/i0.wp.com\/woblink.com\/blog\/wp-content\/uploads\/Screenshot_1-1.png?resize=193%2C300&#038;ssl=1\" alt=\"Szczeliny: &quot;Ameryka. Dom podzielony&quot; Andrzej Kohut\" width=\"193\" height=\"300\" srcset=\"https:\/\/i0.wp.com\/woblink.com\/blog\/wp-content\/uploads\/Screenshot_1-1.png?resize=193%2C300&amp;ssl=1 193w, https:\/\/i0.wp.com\/woblink.com\/blog\/wp-content\/uploads\/Screenshot_1-1.png?w=384&amp;ssl=1 384w\" sizes=\"(max-width: 193px) 100vw, 193px\" data-recalc-dims=\"1\" \/><\/a><figcaption id=\"caption-attachment-8367\" class=\"wp-caption-text\"><center><b>Kup <a href=\"https:\/\/woblink.com\/ebook\/ameryka-dom-podzielony-andrzej-kohut-256325u\"> ebooka Ameryka. Dom podzielony<\/a> na Woblink.com<\/b><\/center><\/figcaption><\/figure>\n<p>7 wrze\u015bnia swoj\u0105 premier\u0119 mia\u0142y pierwsze dwie ksi\u0105\u017cki, jakie ukaza\u0142y si\u0119 pod szyldem <b>nowego imprintu Wydawnictwa Otwartego<\/b> po\u015bwi\u0119conego <strong>literaturze faktu<\/strong>. Pierwsza z nich to \u201e<strong><a href=\"https:\/\/woblink.com\/ebook\/ameryka-dom-podzielony-andrzej-kohut-256325u\">Dom podzielony<\/a><\/strong>\u201d Andrzeja Kohuta. Autor przedstawia w niej wydarzenia i problemy ostatnich lat pokazuje, \u017ce Ameryka jest podzielona kryzysami radykalizuj\u0105cymi spo\u0142ecze\u0144stwo. Na wizerunku USA pojawiaj\u0105 si\u0119 kolejne rysy. Kraj, kt\u00f3ry przez lata by\u0142 stawiany jako wz\u00f3r do na\u015bladowania coraz cz\u0119\u015bciej jest kojarzony z takimi wydarzeniami jak atak zwolennik\u00f3w Donalda Trumpa na Kapitol po przegranych wyborach, zapa\u015b\u0107 gospodarcza w pasie rdzy, teorie spiskowe, wojny kulturowe o aborcj\u0119, klimat czy dost\u0119p do broni.<\/p>\n<p>Drugi tytu\u0142, \u201e<strong><a href=\"https:\/\/woblink.com\/ebook\/wegry-na-nowo-dominik-hejj-260223u\">W\u0119gry na nowo. Jak Viktor Orb\u00e1n zaprogramowa\u0142 narodow\u0105 to\u017csamo\u015b\u0107<\/a><\/strong>\u201d Dominika H\u00e9jj, przybli\u017ca czytelnikom proces doj\u015bcia w\u0119gierskiej prawicy do w\u0142adzy. H\u00e9jj pisze o retoryce premiera i jego planach na zbudowanie wielkich W\u0119gier, pomagaj\u0105c zrozumie\u0107 procesy, jakie zasz\u0142y na W\u0119grzech od 1998 roku.<\/p>\n<p>&nbsp;<\/p>\n<p>To wszystko na dzi\u015b, ale ju\u017c teraz zapraszamy Was na kolejny <strong>przegl\u0105d ksi\u0105\u017ckoholicznego internetu<\/strong>. B\u0105d\u017acie z nami!<\/p>\n<blockquote class=\"wp-embedded-content\" data-secret=\"Prcg88JSO2\"><p><a href=\"https:\/\/woblink.com\/blog\/odkrywaj-szczeliny-rzeczywistosci-z-literatura-non-fiction\/\">Odkrywaj szczeliny rzeczywisto\u015bci z literatur\u0105 non-fiction!<\/a><\/p><\/blockquote>\n<p><iframe class=\"wp-embedded-content\" sandbox=\"allow-scripts\" security=\"restricted\" style=\"position: absolute; clip: rect(1px, 1px, 1px, 1px);\" title=\"&#8222;Odkrywaj szczeliny rzeczywisto\u015bci z literatur\u0105 non-fiction!&#8221; &#8212; Woblink\" src=\"https:\/\/woblink.com\/blog\/odkrywaj-szczeliny-rzeczywistosci-z-literatura-non-fiction\/embed\/#?secret=Prcg88JSO2\" data-secret=\"Prcg88JSO2\" width=\"500\" height=\"282\" frameborder=\"0\" marginwidth=\"0\" marginheight=\"0\" scrolling=\"no\"><\/iframe><\/p>\n","protected":false},"excerpt":{"rendered":"<p>\u015awiatem wstrz\u0105sn\u0119\u0142a wiadomo\u015b\u0107 o \u015bmierci kr\u00f3lowej El\u017cbiety II. W minionym tygodniu po\u017cegnali\u015bmy tak\u017ce Petera Strauba, autora powie\u015bci grozy. Na pocz\u0105tku wrze\u015bnia poznali\u015bmy finalist\u00f3w takich nagr\u00f3d literackich jak Nike, Booker czy Angelus. Prezentujemy pierwszy woblinkowy przegl\u0105d ksi\u0105\u017ckoholicznego internetu! We wpisie znajdziecie: Odej\u015bcie kr\u00f3lowej El\u017cbiety II W\u0142adca&#8230;<\/p>\n","protected":false},"author":8,"featured_media":8622,"comment_status":"closed","ping_status":"open","sticky":false,"template":"","format":"standard","meta":[],"categories":[87],"tags":[],"yoast_head":"<!-- This site is optimized with the Yoast SEO plugin v20.11 - https:\/\/yoast.com\/wordpress\/plugins\/seo\/ -->\n<title>9 wrze\u015bnia \u2013 popo\u0142udniowy przegl\u0105d ksi\u0105\u017ckoholicznego internetu - Woblink<\/title>\n<meta name=\"description\" content=\"We wrze\u015bniu poznali\u015bmy finalist\u00f3w takich nagr\u00f3d literackich jak Nike czy Booker. Prezentujemy pierwszy woblinkowy przegl\u0105d ksi\u0105\u017ckoholicznego internetu!\" \/>\n<meta name=\"robots\" content=\"index, follow, max-snippet:-1, max-image-preview:large, max-video-preview:-1\" \/>\n<link rel=\"canonical\" href=\"https:\/\/woblink.com\/blog\/9-wrzesnia-poranny-przeglad-ksiazkoholicznego-internetu\/\" \/>\n<meta property=\"og:locale\" content=\"pl_PL\" \/>\n<meta property=\"og:type\" content=\"article\" \/>\n<meta property=\"og:title\" content=\"9 wrze\u015bnia \u2013 popo\u0142udniowy przegl\u0105d ksi\u0105\u017ckoholicznego internetu - Woblink\" \/>\n<meta property=\"og:description\" content=\"We wrze\u015bniu poznali\u015bmy finalist\u00f3w takich nagr\u00f3d literackich jak Nike czy Booker. Prezentujemy pierwszy woblinkowy przegl\u0105d ksi\u0105\u017ckoholicznego internetu!\" \/>\n<meta property=\"og:url\" content=\"https:\/\/woblink.com\/blog\/9-wrzesnia-poranny-przeglad-ksiazkoholicznego-internetu\/\" \/>\n<meta property=\"og:site_name\" content=\"Woblink\" \/>\n<meta property=\"article:publisher\" content=\"https:\/\/facebook.com\/woblink\" \/>\n<meta property=\"article:published_time\" content=\"2022-09-09T08:21:25+00:00\" \/>\n<meta property=\"article:modified_time\" content=\"2022-09-16T06:47:39+00:00\" \/>\n<meta property=\"og:image\" content=\"https:\/\/i0.wp.com\/woblink.com\/blog\/wp-content\/uploads\/artykul_przeglad.jpg?fit=1011%2C690&ssl=1\" \/>\n\t<meta property=\"og:image:width\" content=\"1011\" \/>\n\t<meta property=\"og:image:height\" content=\"690\" \/>\n\t<meta property=\"og:image:type\" content=\"image\/jpeg\" \/>\n<meta name=\"author\" content=\"Martyna Latkowska\" \/>\n<meta name=\"twitter:card\" content=\"summary_large_image\" \/>\n<meta name=\"twitter:creator\" content=\"@woblink_com\" \/>\n<meta name=\"twitter:site\" content=\"@woblink_com\" \/>\n<meta name=\"twitter:label1\" content=\"Napisane przez\" \/>\n\t<meta name=\"twitter:data1\" content=\"Martyna Latkowska\" \/>\n\t<meta name=\"twitter:label2\" content=\"Szacowany czas czytania\" \/>\n\t<meta name=\"twitter:data2\" content=\"5 minut\" \/>\n<script type=\"application\/ld+json\" class=\"yoast-schema-graph\">{\"@context\":\"https:\/\/schema.org\",\"@graph\":[{\"@type\":\"Article\",\"@id\":\"https:\/\/woblink.com\/blog\/9-wrzesnia-poranny-przeglad-ksiazkoholicznego-internetu\/#article\",\"isPartOf\":{\"@id\":\"https:\/\/woblink.com\/blog\/9-wrzesnia-poranny-przeglad-ksiazkoholicznego-internetu\/\"},\"author\":{\"name\":\"Martyna Latkowska\",\"@id\":\"https:\/\/woblink.com\/blog\/#\/schema\/person\/d06fc73a6248316414fcea8f9e4bddaf\"},\"headline\":\"9 wrze\u015bnia \u2013 popo\u0142udniowy przegl\u0105d ksi\u0105\u017ckoholicznego internetu\",\"datePublished\":\"2022-09-09T08:21:25+00:00\",\"dateModified\":\"2022-09-16T06:47:39+00:00\",\"mainEntityOfPage\":{\"@id\":\"https:\/\/woblink.com\/blog\/9-wrzesnia-poranny-przeglad-ksiazkoholicznego-internetu\/\"},\"wordCount\":997,\"publisher\":{\"@id\":\"https:\/\/woblink.com\/blog\/#organization\"},\"articleSection\":[\"Aktualno\u015bci\"],\"inLanguage\":\"pl-PL\"},{\"@type\":\"WebPage\",\"@id\":\"https:\/\/woblink.com\/blog\/9-wrzesnia-poranny-przeglad-ksiazkoholicznego-internetu\/\",\"url\":\"https:\/\/woblink.com\/blog\/9-wrzesnia-poranny-przeglad-ksiazkoholicznego-internetu\/\",\"name\":\"9 wrze\u015bnia \u2013 popo\u0142udniowy przegl\u0105d ksi\u0105\u017ckoholicznego internetu - Woblink\",\"isPartOf\":{\"@id\":\"https:\/\/woblink.com\/blog\/#website\"},\"datePublished\":\"2022-09-09T08:21:25+00:00\",\"dateModified\":\"2022-09-16T06:47:39+00:00\",\"description\":\"We wrze\u015bniu poznali\u015bmy finalist\u00f3w takich nagr\u00f3d literackich jak Nike czy Booker. Prezentujemy pierwszy woblinkowy przegl\u0105d ksi\u0105\u017ckoholicznego internetu!\",\"breadcrumb\":{\"@id\":\"https:\/\/woblink.com\/blog\/9-wrzesnia-poranny-przeglad-ksiazkoholicznego-internetu\/#breadcrumb\"},\"inLanguage\":\"pl-PL\",\"potentialAction\":[{\"@type\":\"ReadAction\",\"target\":[\"https:\/\/woblink.com\/blog\/9-wrzesnia-poranny-przeglad-ksiazkoholicznego-internetu\/\"]}]},{\"@type\":\"BreadcrumbList\",\"@id\":\"https:\/\/woblink.com\/blog\/9-wrzesnia-poranny-przeglad-ksiazkoholicznego-internetu\/#breadcrumb\",\"itemListElement\":[{\"@type\":\"ListItem\",\"position\":1,\"name\":\"Strona g\u0142\u00f3wna\",\"item\":\"https:\/\/woblink.com\/blog\/\"},{\"@type\":\"ListItem\",\"position\":2,\"name\":\"9 wrze\u015bnia \u2013 popo\u0142udniowy przegl\u0105d ksi\u0105\u017ckoholicznego internetu\"}]},{\"@type\":\"WebSite\",\"@id\":\"https:\/\/woblink.com\/blog\/#website\",\"url\":\"https:\/\/woblink.com\/blog\/\",\"name\":\"Woblink\",\"description\":\"najlepszy firmowy blog o ksi\u0105\u017ckach\",\"publisher\":{\"@id\":\"https:\/\/woblink.com\/blog\/#organization\"},\"potentialAction\":[{\"@type\":\"SearchAction\",\"target\":{\"@type\":\"EntryPoint\",\"urlTemplate\":\"https:\/\/woblink.com\/blog\/?s={search_term_string}\"},\"query-input\":\"required name=search_term_string\"}],\"inLanguage\":\"pl-PL\"},{\"@type\":\"Organization\",\"@id\":\"https:\/\/woblink.com\/blog\/#organization\",\"name\":\"Woblink\",\"url\":\"https:\/\/woblink.com\/blog\/\",\"logo\":{\"@type\":\"ImageObject\",\"inLanguage\":\"pl-PL\",\"@id\":\"https:\/\/woblink.com\/blog\/#\/schema\/logo\/image\/\",\"url\":\"https:\/\/i0.wp.com\/woblink.com\/blog\/wp-content\/uploads\/2019\/04\/nw_logoB.png?fit=185%2C42&ssl=1\",\"contentUrl\":\"https:\/\/i0.wp.com\/woblink.com\/blog\/wp-content\/uploads\/2019\/04\/nw_logoB.png?fit=185%2C42&ssl=1\",\"width\":185,\"height\":42,\"caption\":\"Woblink\"},\"image\":{\"@id\":\"https:\/\/woblink.com\/blog\/#\/schema\/logo\/image\/\"},\"sameAs\":[\"https:\/\/facebook.com\/woblink\",\"https:\/\/twitter.com\/woblink_com\",\"https:\/\/www.instagram.com\/woblink_com\",\"https:\/\/www.linkedin.com\/company\/woblink\/\"]},{\"@type\":\"Person\",\"@id\":\"https:\/\/woblink.com\/blog\/#\/schema\/person\/d06fc73a6248316414fcea8f9e4bddaf\",\"name\":\"Martyna Latkowska\",\"image\":{\"@type\":\"ImageObject\",\"inLanguage\":\"pl-PL\",\"@id\":\"https:\/\/woblink.com\/blog\/#\/schema\/person\/image\/\",\"url\":\"https:\/\/secure.gravatar.com\/avatar\/3641413a23450aabd0b2d5a09b6e1936?s=96&d=mm&r=g\",\"contentUrl\":\"https:\/\/secure.gravatar.com\/avatar\/3641413a23450aabd0b2d5a09b6e1936?s=96&d=mm&r=g\",\"caption\":\"Martyna Latkowska\"},\"url\":\"https:\/\/woblink.com\/blog\/author\/gancarczyk\/\"}]}<\/script>\n<!-- \/ Yoast SEO plugin. -->","yoast_head_json":{"title":"9 wrze\u015bnia \u2013 popo\u0142udniowy przegl\u0105d ksi\u0105\u017ckoholicznego internetu - Woblink","description":"We wrze\u015bniu poznali\u015bmy finalist\u00f3w takich nagr\u00f3d literackich jak Nike czy Booker. Prezentujemy pierwszy woblinkowy przegl\u0105d ksi\u0105\u017ckoholicznego internetu!","robots":{"index":"index","follow":"follow","max-snippet":"max-snippet:-1","max-image-preview":"max-image-preview:large","max-video-preview":"max-video-preview:-1"},"canonical":"https:\/\/woblink.com\/blog\/9-wrzesnia-poranny-przeglad-ksiazkoholicznego-internetu\/","og_locale":"pl_PL","og_type":"article","og_title":"9 wrze\u015bnia \u2013 popo\u0142udniowy przegl\u0105d ksi\u0105\u017ckoholicznego internetu - Woblink","og_description":"We wrze\u015bniu poznali\u015bmy finalist\u00f3w takich nagr\u00f3d literackich jak Nike czy Booker. Prezentujemy pierwszy woblinkowy przegl\u0105d ksi\u0105\u017ckoholicznego internetu!","og_url":"https:\/\/woblink.com\/blog\/9-wrzesnia-poranny-przeglad-ksiazkoholicznego-internetu\/","og_site_name":"Woblink","article_publisher":"https:\/\/facebook.com\/woblink","article_published_time":"2022-09-09T08:21:25+00:00","article_modified_time":"2022-09-16T06:47:39+00:00","og_image":[{"width":1011,"height":690,"url":"https:\/\/i0.wp.com\/woblink.com\/blog\/wp-content\/uploads\/artykul_przeglad.jpg?fit=1011%2C690&ssl=1","type":"image\/jpeg"}],"author":"Martyna Latkowska","twitter_card":"summary_large_image","twitter_creator":"@woblink_com","twitter_site":"@woblink_com","twitter_misc":{"Napisane przez":"Martyna Latkowska","Szacowany czas czytania":"5 minut"},"schema":{"@context":"https:\/\/schema.org","@graph":[{"@type":"Article","@id":"https:\/\/woblink.com\/blog\/9-wrzesnia-poranny-przeglad-ksiazkoholicznego-internetu\/#article","isPartOf":{"@id":"https:\/\/woblink.com\/blog\/9-wrzesnia-poranny-przeglad-ksiazkoholicznego-internetu\/"},"author":{"name":"Martyna Latkowska","@id":"https:\/\/woblink.com\/blog\/#\/schema\/person\/d06fc73a6248316414fcea8f9e4bddaf"},"headline":"9 wrze\u015bnia \u2013 popo\u0142udniowy przegl\u0105d ksi\u0105\u017ckoholicznego internetu","datePublished":"2022-09-09T08:21:25+00:00","dateModified":"2022-09-16T06:47:39+00:00","mainEntityOfPage":{"@id":"https:\/\/woblink.com\/blog\/9-wrzesnia-poranny-przeglad-ksiazkoholicznego-internetu\/"},"wordCount":997,"publisher":{"@id":"https:\/\/woblink.com\/blog\/#organization"},"articleSection":["Aktualno\u015bci"],"inLanguage":"pl-PL"},{"@type":"WebPage","@id":"https:\/\/woblink.com\/blog\/9-wrzesnia-poranny-przeglad-ksiazkoholicznego-internetu\/","url":"https:\/\/woblink.com\/blog\/9-wrzesnia-poranny-przeglad-ksiazkoholicznego-internetu\/","name":"9 wrze\u015bnia \u2013 popo\u0142udniowy przegl\u0105d ksi\u0105\u017ckoholicznego internetu - Woblink","isPartOf":{"@id":"https:\/\/woblink.com\/blog\/#website"},"datePublished":"2022-09-09T08:21:25+00:00","dateModified":"2022-09-16T06:47:39+00:00","description":"We wrze\u015bniu poznali\u015bmy finalist\u00f3w takich nagr\u00f3d literackich jak Nike czy Booker. Prezentujemy pierwszy woblinkowy przegl\u0105d ksi\u0105\u017ckoholicznego internetu!","breadcrumb":{"@id":"https:\/\/woblink.com\/blog\/9-wrzesnia-poranny-przeglad-ksiazkoholicznego-internetu\/#breadcrumb"},"inLanguage":"pl-PL","potentialAction":[{"@type":"ReadAction","target":["https:\/\/woblink.com\/blog\/9-wrzesnia-poranny-przeglad-ksiazkoholicznego-internetu\/"]}]},{"@type":"BreadcrumbList","@id":"https:\/\/woblink.com\/blog\/9-wrzesnia-poranny-przeglad-ksiazkoholicznego-internetu\/#breadcrumb","itemListElement":[{"@type":"ListItem","position":1,"name":"Strona g\u0142\u00f3wna","item":"https:\/\/woblink.com\/blog\/"},{"@type":"ListItem","position":2,"name":"9 wrze\u015bnia \u2013 popo\u0142udniowy przegl\u0105d ksi\u0105\u017ckoholicznego internetu"}]},{"@type":"WebSite","@id":"https:\/\/woblink.com\/blog\/#website","url":"https:\/\/woblink.com\/blog\/","name":"Woblink","description":"najlepszy firmowy blog o ksi\u0105\u017ckach","publisher":{"@id":"https:\/\/woblink.com\/blog\/#organization"},"potentialAction":[{"@type":"SearchAction","target":{"@type":"EntryPoint","urlTemplate":"https:\/\/woblink.com\/blog\/?s={search_term_string}"},"query-input":"required name=search_term_string"}],"inLanguage":"pl-PL"},{"@type":"Organization","@id":"https:\/\/woblink.com\/blog\/#organization","name":"Woblink","url":"https:\/\/woblink.com\/blog\/","logo":{"@type":"ImageObject","inLanguage":"pl-PL","@id":"https:\/\/woblink.com\/blog\/#\/schema\/logo\/image\/","url":"https:\/\/i0.wp.com\/woblink.com\/blog\/wp-content\/uploads\/2019\/04\/nw_logoB.png?fit=185%2C42&ssl=1","contentUrl":"https:\/\/i0.wp.com\/woblink.com\/blog\/wp-content\/uploads\/2019\/04\/nw_logoB.png?fit=185%2C42&ssl=1","width":185,"height":42,"caption":"Woblink"},"image":{"@id":"https:\/\/woblink.com\/blog\/#\/schema\/logo\/image\/"},"sameAs":["https:\/\/facebook.com\/woblink","https:\/\/twitter.com\/woblink_com","https:\/\/www.instagram.com\/woblink_com","https:\/\/www.linkedin.com\/company\/woblink\/"]},{"@type":"Person","@id":"https:\/\/woblink.com\/blog\/#\/schema\/person\/d06fc73a6248316414fcea8f9e4bddaf","name":"Martyna Latkowska","image":{"@type":"ImageObject","inLanguage":"pl-PL","@id":"https:\/\/woblink.com\/blog\/#\/schema\/person\/image\/","url":"https:\/\/secure.gravatar.com\/avatar\/3641413a23450aabd0b2d5a09b6e1936?s=96&d=mm&r=g","contentUrl":"https:\/\/secure.gravatar.com\/avatar\/3641413a23450aabd0b2d5a09b6e1936?s=96&d=mm&r=g","caption":"Martyna Latkowska"},"url":"https:\/\/woblink.com\/blog\/author\/gancarczyk\/"}]}},"jetpack_featured_media_url":"https:\/\/i0.wp.com\/woblink.com\/blog\/wp-content\/uploads\/artykul_przeglad.jpg?fit=1011%2C690&ssl=1","_links":{"self":[{"href":"https:\/\/woblink.com\/blog\/wp-json\/wp\/v2\/posts\/8609"}],"collection":[{"href":"https:\/\/woblink.com\/blog\/wp-json\/wp\/v2\/posts"}],"about":[{"href":"https:\/\/woblink.com\/blog\/wp-json\/wp\/v2\/types\/post"}],"author":[{"embeddable":true,"href":"https:\/\/woblink.com\/blog\/wp-json\/wp\/v2\/users\/8"}],"replies":[{"embeddable":true,"href":"https:\/\/woblink.com\/blog\/wp-json\/wp\/v2\/comments?post=8609"}],"version-history":[{"count":25,"href":"https:\/\/woblink.com\/blog\/wp-json\/wp\/v2\/posts\/8609\/revisions"}],"predecessor-version":[{"id":8710,"href":"https:\/\/woblink.com\/blog\/wp-json\/wp\/v2\/posts\/8609\/revisions\/8710"}],"wp:featuredmedia":[{"embeddable":true,"href":"https:\/\/woblink.com\/blog\/wp-json\/wp\/v2\/media\/8622"}],"wp:attachment":[{"href":"https:\/\/woblink.com\/blog\/wp-json\/wp\/v2\/media?parent=8609"}],"wp:term":[{"taxonomy":"category","embeddable":true,"href":"https:\/\/woblink.com\/blog\/wp-json\/wp\/v2\/categories?post=8609"},{"taxonomy":"post_tag","embeddable":true,"href":"https:\/\/woblink.com\/blog\/wp-json\/wp\/v2\/tags?post=8609"}],"curies":[{"name":"wp","href":"https:\/\/api.w.org\/{rel}","templated":true}]}}