{"id":9352,"date":"2022-12-22T14:10:45","date_gmt":"2022-12-22T13:10:45","guid":{"rendered":"https:\/\/woblink.com\/blog\/?p=9352"},"modified":"2023-03-07T17:02:06","modified_gmt":"2023-03-07T16:02:06","slug":"sladami-zbrodni-ze-znak-crime","status":"publish","type":"post","link":"https:\/\/woblink.com\/blog\/sladami-zbrodni-ze-znak-crime\/","title":{"rendered":"\u015aladami zbrodni ze Znak Crime"},"content":{"rendered":"<p><strong>Fani pe\u0142nych napi\u0119cia krymina\u0142\u00f3w i mro\u017c\u0105cych krew w \u017cy\u0142ach thriller\u00f3w mog\u0105 ju\u017c otwiera\u0107 szampana: jeden z topowych polskich wydawc\u00f3w \u2013 Znak \u2013 wystartowa\u0142 z now\u0105 mark\u0105 Znak Crime. Tym samym krakowskie wydawnictwo poszerza swoj\u0105 ofert\u0119 literatury kryminalnej. Jeste\u015bcie ciekawi jakie tytu\u0142y uka\u017c\u0105 si\u0119 ich nak\u0142adem w 2023 roku? Je\u015bli tak, koniecznie przeczytajcie nasz tekst, w kt\u00f3rym uchylamy r\u0105bka plan\u00f3w wydawniczych Znaku Crime.<\/strong><\/p>\n<p><!--more--><\/p>\n<h2>Nowa marka Wydawnictwa Znak dedykowana krymina\u0142om i thrillerom &#8211; Znak Crime<\/h2>\n<p><strong>Znak Crime<\/strong> to najnowsza marka krakowskiego Wydawnictwa Znak. Jest dedykowana thrillerom i krymina\u0142om. 30 listopada odby\u0142o si\u0119 wydarzenie inauguruj\u0105ce jej powstanie. Na miejscu pojawili si\u0119 jej tw\u00f3rcy, promotorzy literatury czy kultury, a tak\u017ce pisarze i pisarki.<\/p>\n<p><iframe loading=\"lazy\" style=\"border: none; overflow: hidden;\" src=\"https:\/\/www.facebook.com\/plugins\/post.php?href=https%3A%2F%2Fwww.facebook.com%2Fznakcrime%2Fposts%2Fpfbid02PrsypTDrzUdKXm4xprTMheW6r8uZb3AB21ut39Uv16f2FnfwcyJnVf8PBxTAHxE7l&amp;show_text=true&amp;width=500\" width=\"500\" height=\"786\" frameborder=\"0\" scrolling=\"no\" allowfullscreen=\"allowfullscreen\"><span data-mce-type=\"bookmark\" style=\"display: inline-block; width: 0px; overflow: hidden; line-height: 0;\" class=\"mce_SELRES_start\">\ufeff<\/span><\/iframe><\/p>\n<p><strong>Znak Crime<\/strong> trafi\u0142 w r\u0119ce os\u00f3b znaj\u0105cych si\u0119 na literaturze tego gatunku<strong>. <\/strong>Mark\u0119 poprowadzi <em>Adrian Tomczyk<\/em>, kt\u00f3ry by\u0142 wcze\u015bniej zwi\u0105zany m.in. z Wydawnictwem Pozna\u0144skim, w kt\u00f3rym pe\u0142ni\u0142 rol\u0119 szefa Czwartej Strony Krymina\u0142u. Pracowa\u0142 z najpopularniejszymi polskimi autorami powie\u015bci kryminalnych na czele z Remigiuszem Mrozem, Robertem Ma\u0142eckim, Maxem Czornyjem czy Bartoszem Szczygielskim. Odpowiada tak\u017ce za debiutami takich autorek jak Izabela Janiszewska i Anna G\u00f3rna. Razem z nim przy zbli\u017caj\u0105cych si\u0119 premierach pracuje <em>Agata \u0141ugowska<\/em>, redaktora prowadz\u0105ca, kt\u00f3ra r\u00f3wnie\u017c by\u0142a zwi\u0105zana z Wydawnictwem Pozna\u0144skim. Przez dwa lata wsp\u00f3\u0142tworzy\u0142a Czwart\u0105 Stron\u0119 Krymina\u0142u. Pracowa\u0142a m.in z Hann\u0105 Gre\u0144 oraz Joann\u0105 Dulewicz.<\/p>\n<h2>Znak Crime \u2013 premiery powie\u015bci kryminalnych Znak na 2023 rok<\/h2>\n<h2>P\u00f3\u0142mistrz \u2013 Mariusz Czubaj<br \/>\nData premiery: 11.01.2023, jednak ju\u017c od 23.12 ebooka i audiobooka tego tytu\u0142u znajdziecie w przedpremierze na Woblink.com<\/h2>\n<figure id=\"attachment_9385\" aria-describedby=\"caption-attachment-9385\" style=\"width: 205px\" class=\"wp-caption alignright\"><a href=\"https:\/\/woblink.com\/ebook\/polmistrz-mariusz-czubaj-268504u\"><img decoding=\"async\" loading=\"lazy\" class=\"wp-image-9385 size-medium\" src=\"https:\/\/i0.wp.com\/woblink.com\/blog\/wp-content\/uploads\/Czubaj_Polmistrz_1000pcx-1.jpg?resize=205%2C300&#038;ssl=1\" alt=\"Znak Crime: P\u00f3\u0142mistrz Mariusza Czubaja\" width=\"205\" height=\"300\" srcset=\"https:\/\/i0.wp.com\/woblink.com\/blog\/wp-content\/uploads\/Czubaj_Polmistrz_1000pcx-1.jpg?resize=205%2C300&amp;ssl=1 205w, https:\/\/i0.wp.com\/woblink.com\/blog\/wp-content\/uploads\/Czubaj_Polmistrz_1000pcx-1.jpg?resize=768%2C1121&amp;ssl=1 768w, https:\/\/i0.wp.com\/woblink.com\/blog\/wp-content\/uploads\/Czubaj_Polmistrz_1000pcx-1.jpg?resize=701%2C1024&amp;ssl=1 701w, https:\/\/i0.wp.com\/woblink.com\/blog\/wp-content\/uploads\/Czubaj_Polmistrz_1000pcx-1.jpg?resize=600%2C876&amp;ssl=1 600w, https:\/\/i0.wp.com\/woblink.com\/blog\/wp-content\/uploads\/Czubaj_Polmistrz_1000pcx-1.jpg?w=1000&amp;ssl=1 1000w\" sizes=\"(max-width: 205px) 100vw, 205px\" data-recalc-dims=\"1\" \/><\/a><figcaption id=\"caption-attachment-9385\" class=\"wp-caption-text\"><center><strong>Znajd\u017a ksi\u0105\u017ck\u0119, <a href=\"https:\/\/woblink.com\/audiobook\/polmistrz-mariusz-czubaj-270028\">audiobooka<\/a> lub <a href=\"https:\/\/woblink.com\/ebook\/polmistrz-mariusz-czubaj-268504u\">ebooka <\/a>na Woblink.com<\/strong><\/center><\/figcaption><\/figure>\n<p>Zagadkowa zbrodnia burzy spok\u00f3j pasa\u017cer\u00f3w transatlantyku p\u0142yn\u0105cego do Buenos Aires. Czy uda si\u0119 schwyta\u0107 morderc\u0119, nim b\u0119dzie za p\u00f3\u017ano?<\/p>\n<p>W przededniu II wojny \u015bwiatowej grupa Polak\u00f3w wyrusza w podr\u00f3\u017c z Gdyni do Buenos Aires na olimpiad\u0119 szachow\u0105 na pok\u0142adzie transatlantyku \u201ePrzysz\u0142o\u015b\u0107\u201d. Nieoczekiwanie na statku dochodzi do brutalnego morderstwa: w oczodole ofiary tkwi szachowy pion. \u015aledztwo w tej tajemniczej sprawie prowadzi jeden z pasa\u017cer\u00f3w, Edward Abramowski. M\u0119\u017cczyzna szybko dochodzi do wniosku, \u017ce za ow\u0105 zbrodni\u0105 kryje si\u0119 co\u015b wi\u0119cej.<\/p>\n<p>Dodatkowo w\u015br\u00f3d pasa\u017cer\u00f3w znajduj\u0105 si\u0119 mi\u0119dzy innymi: ekscentryczny literat Witold Gombrowicz, genialni szachi\u015bci Savielly Tartakower i Mieczys\u0142aw Najdorf, a tak\u017ce pilnie strzeg\u0105ca swych sekret\u00f3w Nina, kt\u00f3ra do stracenia ma niemal tak wiele jak sam Abramowski. Na pok\u0142adzie \u201ePrzysz\u0142o\u015bci\u201d rozpoczyna si\u0119 gra o najwy\u017csz\u0105 stawk\u0119.<\/p>\n<p>\u201eP\u00f3\u0142mistrz\u201d Mariusza Czubaja to pierwszy z <strong>krymina\u0142\u00f3w Znak Crime<\/strong>. Ksi\u0105\u017cka uka\u017ce si\u0119 11 stycznia 2023 roku, ale ju\u017c od 23 grudnia ebooka i audiobooka tego tytu\u0142u znajdziecie w ksi\u0119garni internetowej Woblink.com.<\/p>\n<h2>Oszustka \u2013 Aleksandra \u015amigielska<br \/>\nData premiery: 25.01.2023<\/h2>\n<figure id=\"attachment_9386\" aria-describedby=\"caption-attachment-9386\" style=\"width: 205px\" class=\"wp-caption alignleft\"><a href=\"https:\/\/woblink.com\/ebook\/oszustka-aleksandra-smigielska-270515u\"><img decoding=\"async\" loading=\"lazy\" class=\"wp-image-9386 size-medium\" src=\"https:\/\/i0.wp.com\/woblink.com\/blog\/wp-content\/uploads\/Smigielska_Oszustka_popr2_1000pcx.jpg?resize=205%2C300&#038;ssl=1\" alt=\"Znak Crime: Oszustka Aleksandry \u015amigielskiej\" width=\"205\" height=\"300\" srcset=\"https:\/\/i0.wp.com\/woblink.com\/blog\/wp-content\/uploads\/Smigielska_Oszustka_popr2_1000pcx.jpg?resize=205%2C300&amp;ssl=1 205w, https:\/\/i0.wp.com\/woblink.com\/blog\/wp-content\/uploads\/Smigielska_Oszustka_popr2_1000pcx.jpg?resize=768%2C1125&amp;ssl=1 768w, https:\/\/i0.wp.com\/woblink.com\/blog\/wp-content\/uploads\/Smigielska_Oszustka_popr2_1000pcx.jpg?resize=699%2C1024&amp;ssl=1 699w, https:\/\/i0.wp.com\/woblink.com\/blog\/wp-content\/uploads\/Smigielska_Oszustka_popr2_1000pcx.jpg?resize=600%2C879&amp;ssl=1 600w, https:\/\/i0.wp.com\/woblink.com\/blog\/wp-content\/uploads\/Smigielska_Oszustka_popr2_1000pcx.jpg?w=1000&amp;ssl=1 1000w\" sizes=\"(max-width: 205px) 100vw, 205px\" data-recalc-dims=\"1\" \/><\/a><figcaption id=\"caption-attachment-9386\" class=\"wp-caption-text\"><center><strong>Znajd\u017a ksi\u0105\u017ck\u0119, <a href=\"https:\/\/woblink.com\/audiobook\/oszustka-aleksandra-smigielska-270612\">audiobooka<\/a> lub <a href=\"https:\/\/woblink.com\/ebook\/oszustka-aleksandra-smigielska-270515u\">ebooka <\/a>na Woblink.com<\/strong><\/center><\/figcaption><\/figure>\n<p>Pod koniec stycznia swoj\u0105 premier\u0119 b\u0119dzie mia\u0142a \u201eOszustka\u201d Aleksandry \u015amigielskiej, wielokrotne nagradzanej w konkursach organizowanych w ramach festiwali krymina\u0142u (np. Mi\u0119dzynarodowego Festiwalu Kryminalnego we Wroc\u0142awiu czy Pozna\u0144skiego Festiwalu Krymina\u0142u Granda). W swojej <strong>powie\u015bci kryminalnej w Znak Crime<\/strong> pokazuje, \u017ce przesz\u0142o\u015bci nie da si\u0119 zmieni\u0107.<\/p>\n<p>Mo\u017cna j\u0105 jednak oszuka\u0107, czego pr\u00f3buje g\u0142\u00f3wna bohaterka. Jej poprzednie \u017cycie by\u0142o tajemnic\u0105. Uda\u0142o jej si\u0119 zwie\u015b\u0107 ca\u0142e otoczenie na tyle d\u0142ugo, \u017ce w ko\u0144cu sama zapomnia\u0142a, kim kiedy\u015b by\u0142a.<\/p>\n<p>Niespodziewanie przesz\u0142o\u015b\u0107 zaczyna upomina\u0107 si\u0119 o bohaterk\u0119&#8230; Kto\u015b postanawia przypomnie\u0107 jej ca\u0142e z\u0142o, kt\u00f3re zostawi\u0142a za sob\u0105 i zburzy\u0107 jej idealne \u017cycie, kt\u00f3re obecnie prowadzi z ukochanym Piotrem i c\u00f3rkami.<\/p>\n<p>Do czego posunie si\u0119 kobieta, aby uchroni\u0107 najbli\u017cszych przed prawd\u0105?<\/p>\n<h2>W snach to ja trzymam n\u00f3\u017c \u2013 Ashley Winstead, t\u0142um. Agnieszka Brodzik<br \/>\nData premiery: 08.02.2023<\/h2>\n<figure id=\"attachment_9387\" aria-describedby=\"caption-attachment-9387\" style=\"width: 205px\" class=\"wp-caption alignright\"><a href=\"https:\/\/woblink.com\/ebook\/w-snach-to-ja-trzymam-noz-ashley-winstead-270597u\"><img decoding=\"async\" loading=\"lazy\" class=\"wp-image-9387 size-medium\" src=\"https:\/\/i0.wp.com\/woblink.com\/blog\/wp-content\/uploads\/Winstead_W-snach-to-ja-trzymam-noz_1000pcx.jpg?resize=205%2C300&#038;ssl=1\" alt=\"W snach to ja trzymam n\u00f3\u017c \u2013 Ashley Winstead\" width=\"205\" height=\"300\" srcset=\"https:\/\/i0.wp.com\/woblink.com\/blog\/wp-content\/uploads\/Winstead_W-snach-to-ja-trzymam-noz_1000pcx.jpg?resize=205%2C300&amp;ssl=1 205w, https:\/\/i0.wp.com\/woblink.com\/blog\/wp-content\/uploads\/Winstead_W-snach-to-ja-trzymam-noz_1000pcx.jpg?resize=768%2C1121&amp;ssl=1 768w, https:\/\/i0.wp.com\/woblink.com\/blog\/wp-content\/uploads\/Winstead_W-snach-to-ja-trzymam-noz_1000pcx.jpg?resize=701%2C1024&amp;ssl=1 701w, https:\/\/i0.wp.com\/woblink.com\/blog\/wp-content\/uploads\/Winstead_W-snach-to-ja-trzymam-noz_1000pcx.jpg?resize=600%2C876&amp;ssl=1 600w, https:\/\/i0.wp.com\/woblink.com\/blog\/wp-content\/uploads\/Winstead_W-snach-to-ja-trzymam-noz_1000pcx.jpg?w=1000&amp;ssl=1 1000w\" sizes=\"(max-width: 205px) 100vw, 205px\" data-recalc-dims=\"1\" \/><\/a><figcaption id=\"caption-attachment-9387\" class=\"wp-caption-text\"><center><b>Znajd\u017a ksi\u0105\u017ck\u0119 lub <a href=\"https:\/\/woblink.com\/ebook\/w-snach-to-ja-trzymam-noz-ashley-winstead-270597u\">ebooka<\/a> na Woblink.com<\/b><\/center><\/figcaption><\/figure>\n<p>Mint, Caro, Frankie, Coop, Heather, Jack i Jessica.<\/p>\n<p>Sz\u00f3stka przyjaci\u00f3\u0142, spotkanie po latach i niewyja\u015bniona zbrodnia. Prze\u017cyli razem zar\u00f3wno najlepsze, jak i najgorsze chwile w \u017cyciu. Jedno z nich to skryty pod pi\u0119kn\u0105 mask\u0105 potw\u00f3r, drugie zaplanowa\u0142o zemst\u0119.<\/p>\n<p>Spotkanie po latach na uczelni to perfekcyjny moment, \u017ceby powspomina\u0107 w gronie najbli\u017cszych przyjaci\u00f3\u0142, a tak\u017ce wyci\u0105gn\u0105\u0107 na \u015bwiat\u0142o dzienne dawno zakopane sekrety. Jedno z nich pope\u0142ni\u0142o brutaln\u0105 zbrodni\u0119. Drugie zrobi wszystko, aby morderca Heather dosta\u0142 w ko\u0144cu to, na co zas\u0142u\u017cy\u0142.<\/p>\n<p>\u201eW snach to ja trzymam n\u00f3\u017c\u201d to pierwsza ksi\u0105\u017cka pi\u00f3ra zagranicznego autora, jaka zostanie wydana nak\u0142adem marki <strong>thriller\u00f3w Znak Crime<\/strong>. Debiutancka powie\u015b\u0107 Ashley Winstead zosta\u0142a bardzo dobrze przyj\u0119ta przez czytelnik\u00f3w, a tak\u017ce innych, s\u0142yn\u0105cych z pe\u0142nych suspensu, tajemnic i zaskakuj\u0105cych zwrot\u00f3w akcji, autor\u00f3w powie\u015bci z pogranicza thrillera i krymina\u0142u. Tytu\u0142 poleca m.in. Riley Sager (\u201eOcala\u0142e\u201d, \u201e<a href=\"https:\/\/woblink.com\/ebook\/wroc-przed-zmrokiem-riley-sager-225503u\">Wr\u00f3\u0107 przed zmrokiem<\/a>\u201d, \u201e<a href=\"https:\/\/woblink.com\/ebook\/zamknij-wszystkie-drzwi-riley-sager-244264u\">Zamknij wszystkie drzwi<\/a>\u201d, \u201e<a href=\"https:\/\/woblink.com\/ebook\/tylko-przetrwaj-noc-riley-sager-258587u\">Tylko przetrwaj noc<\/a>\u201d) i Amy Gentry, kt\u00f3ra poleca go wszystkim wielbicielom powie\u015bci Ruth Ware (\u201e<a href=\"https:\/\/woblink.com\/ebook\/w-ciemnym-mrocznym-lesie-ruth-ware-256644u\">W ciemnym, mrocznym lesie<\/a>\u201d, \u201e<a href=\"https:\/\/woblink.com\/ebook\/pod-kluczem-ruth-ware-189343u\">Pod kluczem<\/a>\u201d, \u201e<a href=\"https:\/\/woblink.com\/ebook\/smierc-pani-westaway-ruth-ware-216570u\">\u015amier\u0107 pani Westaway<\/a>\u201d).<\/p>\n<h2>Bez wyboru \u2013 Agnieszka P\u0142oszaj<br \/>\nData premiery: 8.02.2023<\/h2>\n<h3><img decoding=\"async\" loading=\"lazy\" class=\"alignleft wp-image-9391 size-medium\" src=\"https:\/\/i0.wp.com\/woblink.com\/blog\/wp-content\/uploads\/Ploszaj_Bez-wyboru_1000pcx.jpg?resize=205%2C300&#038;ssl=1\" alt=\"Znak Crime: Bez wyboru Agnieszki P\u0142oszaj\" width=\"205\" height=\"300\" srcset=\"https:\/\/i0.wp.com\/woblink.com\/blog\/wp-content\/uploads\/Ploszaj_Bez-wyboru_1000pcx.jpg?resize=205%2C300&amp;ssl=1 205w, https:\/\/i0.wp.com\/woblink.com\/blog\/wp-content\/uploads\/Ploszaj_Bez-wyboru_1000pcx.jpg?resize=768%2C1125&amp;ssl=1 768w, https:\/\/i0.wp.com\/woblink.com\/blog\/wp-content\/uploads\/Ploszaj_Bez-wyboru_1000pcx.jpg?resize=699%2C1024&amp;ssl=1 699w, https:\/\/i0.wp.com\/woblink.com\/blog\/wp-content\/uploads\/Ploszaj_Bez-wyboru_1000pcx.jpg?resize=600%2C879&amp;ssl=1 600w, https:\/\/i0.wp.com\/woblink.com\/blog\/wp-content\/uploads\/Ploszaj_Bez-wyboru_1000pcx.jpg?w=1000&amp;ssl=1 1000w\" sizes=\"(max-width: 205px) 100vw, 205px\" data-recalc-dims=\"1\" \/><\/h3>\n<p>\u201eBez wyboru\u201d Agnieszki P\u0142oszaj to powie\u015b\u0107 o nami\u0119tno\u015bci sprzed lat, potwornej zbrodni, a tak\u017ce o przesz\u0142o\u015bci, kt\u00f3ra nie chce da\u0107 o sobie zapomnie\u0107.<\/p>\n<p>Podczas \u0142\u00f3dzkiego Festiwalu \u015awiat\u0142a dochodzi do niezwykle makabrycznego odkrycia \u2013 w jednej ze \u015bwietlnych instalacji znaleziono zw\u0142oki m\u0142odej kobiety. Na ciele znanej dziennikarki morderca wyci\u0105\u0142 nazwisko Zoi Sterlak, m\u0142odej \u015bledczej, kt\u00f3ra przed rokiem odesz\u0142a ze s\u0142u\u017cby w atmosferze skandalu, a nast\u0119pnie zaszy\u0142a si\u0119 w rodzinnym Rovinj po\u0142o\u017conym na wybrze\u017cu Chorwacji.<\/p>\n<p>Zoja wraca do Polski. Chce uporz\u0105dkowa\u0107 swoje sprawy, a jej dawni policyjni partnerzy (jednym z nich jest Kardas, z kt\u00f3rym \u0142\u0105czy\u0142 j\u0105 gor\u0105cy romans) prosz\u0105 j\u0105, \u017ceby pomog\u0142a im w \u015bledztwie.<\/p>\n<p>W kolejnym z <strong>krymina\u0142\u00f3w Znak Crime<\/strong> bezkompromisowa Zoja anga\u017cuje si\u0119 w rozgrywk\u0119 z zab\u00f3jc\u0105, a brudne interesy, ogromne pieni\u0105dze i nami\u0119tno\u015bci \u015bci\u0105gaj\u0105 na ni\u0105 prawdziwe niebezpiecze\u0144stwo.<\/p>\n<h2>Dobra \u017cona \u2013 Darby Kane, t\u0142um. Joanna Grabarek<br \/>\nData premiery: 8.03.2023<\/h2>\n<h3><img decoding=\"async\" loading=\"lazy\" class=\"size-medium wp-image-9392 alignright\" src=\"https:\/\/i0.wp.com\/woblink.com\/blog\/wp-content\/uploads\/Kane_Dobra-zona_1000pcx.jpg?resize=205%2C300&#038;ssl=1\" alt=\"\" width=\"205\" height=\"300\" srcset=\"https:\/\/i0.wp.com\/woblink.com\/blog\/wp-content\/uploads\/Kane_Dobra-zona_1000pcx.jpg?resize=205%2C300&amp;ssl=1 205w, https:\/\/i0.wp.com\/woblink.com\/blog\/wp-content\/uploads\/Kane_Dobra-zona_1000pcx.jpg?resize=768%2C1125&amp;ssl=1 768w, https:\/\/i0.wp.com\/woblink.com\/blog\/wp-content\/uploads\/Kane_Dobra-zona_1000pcx.jpg?resize=699%2C1024&amp;ssl=1 699w, https:\/\/i0.wp.com\/woblink.com\/blog\/wp-content\/uploads\/Kane_Dobra-zona_1000pcx.jpg?resize=600%2C879&amp;ssl=1 600w, https:\/\/i0.wp.com\/woblink.com\/blog\/wp-content\/uploads\/Kane_Dobra-zona_1000pcx.jpg?w=1000&amp;ssl=1 1000w\" sizes=\"(max-width: 205px) 100vw, 205px\" data-recalc-dims=\"1\" \/><\/h3>\n<p>Pewnego dnia uwielbiany nauczyciel, Aaron, zostaje uznany za zaginionego. Kilka miesi\u0119cy wcze\u015bniej w tym samym miasteczku znikn\u0119\u0142a studentka Karen. W ko\u0144cu dochodzi do odkrycia, \u017ce to ju\u017c trzeci tego typu przypadek w ci\u0105gu ostatnich lat. Ca\u0142\u0105 spo\u0142eczno\u015b\u0107 ogarnia ogromny niepok\u00f3j. Tylko Lila, \u017cona zaginionego nauczyciela, jest zaskakuj\u0105co spokojna&#8230;<\/p>\n<h3>Otulina \u2013 Klaudiusz Szymanczak<br \/>\nData premiery: 22.03.2023<\/h3>\n<p><img decoding=\"async\" loading=\"lazy\" class=\"size-medium wp-image-9394 alignleft\" src=\"https:\/\/i0.wp.com\/woblink.com\/blog\/wp-content\/uploads\/OTULINA_01.jpg?resize=208%2C300&#038;ssl=1\" alt=\"\" width=\"208\" height=\"300\" srcset=\"https:\/\/i0.wp.com\/woblink.com\/blog\/wp-content\/uploads\/OTULINA_01.jpg?resize=208%2C300&amp;ssl=1 208w, https:\/\/i0.wp.com\/woblink.com\/blog\/wp-content\/uploads\/OTULINA_01.jpg?resize=768%2C1109&amp;ssl=1 768w, https:\/\/i0.wp.com\/woblink.com\/blog\/wp-content\/uploads\/OTULINA_01.jpg?resize=709%2C1024&amp;ssl=1 709w, https:\/\/i0.wp.com\/woblink.com\/blog\/wp-content\/uploads\/OTULINA_01.jpg?resize=600%2C867&amp;ssl=1 600w, https:\/\/i0.wp.com\/woblink.com\/blog\/wp-content\/uploads\/OTULINA_01.jpg?w=1725&amp;ssl=1 1725w\" sizes=\"(max-width: 208px) 100vw, 208px\" data-recalc-dims=\"1\" \/><\/p>\n<p>\u201eOtulina\u201d jest pierwsz\u0105 powie\u015bci\u0105 Klaudiusza Szyma\u0144czaka po serii z Johnem Sladem i Robertem Laurentowiczem (\u201eNegatyw\u201d, \u201eMroczny \u015bwit\u201d, \u201eVirga\u201d).<\/p>\n<p>Czw\u00f3rka licealist\u00f3w wyrusza na nocn\u0105 wypraw\u0119 do Puszczy Kampinoskiej. Kilka godzin p\u00f3\u017aniej tylko tr\u00f3jka z nich wraca do swoich dom\u00f3w. Cia\u0142o nastoletniej Hani zostaje znalezione na skraju lasu, a rodzice dziewczyny prze\u017cywaj\u0105 sw\u00f3j najgorszy koszmar. Ca\u0142a rodzina ledwie p\u00f3\u0142 roku wcze\u015bniej przeprowadzi\u0142a si\u0119 z zat\u0142oczonej Warszawy pod Kampinos w poszukiwaniu upragnionego spokoju. \u017badne z nich nie spodziewa\u0142o si\u0119, \u017ce czeka na nich tylko \u015bmier\u0107 i rozpacz.<\/p>\n<p>Okoliczni mieszka\u0144cy s\u0105 wstrz\u0105\u015bni\u0119ci zbrodni\u0105. Tym bardziej, \u017ce najprawdopodobniej morderc\u0105 jest kto\u015b z nich.<\/p>\n<p>Co tak naprawd\u0119 sta\u0142o si\u0119 tamtej nocy w samym sercu puszczy? Kto jest winien tragedii, kt\u00f3ra nieodwracalnie zmieni \u017cycie tak wielu os\u00f3b? Tego dowiecie si\u0119, si\u0119gaj\u0105c po nast\u0119pne <strong>powie\u015bci kryminalne Znak Crime<\/strong>.<\/p>\n<p>Jeste\u015b mi\u0142o\u015bnikiem krymina\u0142\u00f3w i thriller\u00f3w? Koniecznie sprawd\u017a te\u017c nasz przewodnik po <a href=\"https:\/\/woblink.com\/blog\/najlepsze-serie-kryminalne\/\">najlepszych ksi\u0105\u017ckach kryminalnych<\/a>.<\/p>\n","protected":false},"excerpt":{"rendered":"<p>Fani pe\u0142nych napi\u0119cia krymina\u0142\u00f3w i mro\u017c\u0105cych krew w \u017cy\u0142ach thriller\u00f3w mog\u0105 ju\u017c otwiera\u0107 szampana: jeden z topowych polskich wydawc\u00f3w \u2013 Znak \u2013 wystartowa\u0142 z now\u0105 mark\u0105 Znak Crime. Tym samym krakowskie wydawnictwo poszerza swoj\u0105 ofert\u0119 literatury kryminalnej. Jeste\u015bcie ciekawi jakie tytu\u0142y uka\u017c\u0105 si\u0119 ich nak\u0142adem&#8230;<\/p>\n","protected":false},"author":7,"featured_media":9381,"comment_status":"closed","ping_status":"open","sticky":false,"template":"","format":"standard","meta":[],"categories":[87,89],"tags":[114,113,100],"yoast_head":"<!-- This site is optimized with the Yoast SEO plugin v20.11 - https:\/\/yoast.com\/wordpress\/plugins\/seo\/ -->\n<title>Znak Crime: powie\u015bci kryminalne i thrillery - Woblink<\/title>\n<meta name=\"description\" content=\"Jeden z topowych polskich wydawc\u00f3w wystartowa\u0142 z now\u0105 mark\u0105: Znak Crime. Przeczytaj o poszerzonej ofercie literatury kryminalnej wydawnictwa!\" \/>\n<meta name=\"robots\" content=\"index, follow, max-snippet:-1, max-image-preview:large, max-video-preview:-1\" \/>\n<link rel=\"canonical\" href=\"https:\/\/woblink.com\/blog\/sladami-zbrodni-ze-znak-crime\/\" \/>\n<meta property=\"og:locale\" content=\"pl_PL\" \/>\n<meta property=\"og:type\" content=\"article\" \/>\n<meta property=\"og:title\" content=\"Znak Crime: powie\u015bci kryminalne i thrillery - Woblink\" \/>\n<meta property=\"og:description\" content=\"Jeden z topowych polskich wydawc\u00f3w wystartowa\u0142 z now\u0105 mark\u0105: Znak Crime. Przeczytaj o poszerzonej ofercie literatury kryminalnej wydawnictwa!\" \/>\n<meta property=\"og:url\" content=\"https:\/\/woblink.com\/blog\/sladami-zbrodni-ze-znak-crime\/\" \/>\n<meta property=\"og:site_name\" content=\"Woblink\" \/>\n<meta property=\"article:publisher\" content=\"https:\/\/facebook.com\/woblink\" \/>\n<meta property=\"article:published_time\" content=\"2022-12-22T13:10:45+00:00\" \/>\n<meta property=\"article:modified_time\" content=\"2023-03-07T16:02:06+00:00\" \/>\n<meta property=\"og:image\" content=\"https:\/\/i0.wp.com\/woblink.com\/blog\/wp-content\/uploads\/blog_\u2013_2.jpg?fit=1011%2C690&ssl=1\" \/>\n\t<meta property=\"og:image:width\" content=\"1011\" \/>\n\t<meta property=\"og:image:height\" content=\"690\" \/>\n\t<meta property=\"og:image:type\" content=\"image\/jpeg\" \/>\n<meta name=\"author\" content=\"Redakcja Woblinka\" \/>\n<meta name=\"twitter:card\" content=\"summary_large_image\" \/>\n<meta name=\"twitter:creator\" content=\"@woblink_com\" \/>\n<meta name=\"twitter:site\" content=\"@woblink_com\" \/>\n<meta name=\"twitter:label1\" content=\"Napisane przez\" \/>\n\t<meta name=\"twitter:data1\" content=\"Redakcja Woblinka\" \/>\n\t<meta name=\"twitter:label2\" content=\"Szacowany czas czytania\" \/>\n\t<meta name=\"twitter:data2\" content=\"6 minut\" \/>\n<script type=\"application\/ld+json\" class=\"yoast-schema-graph\">{\"@context\":\"https:\/\/schema.org\",\"@graph\":[{\"@type\":\"Article\",\"@id\":\"https:\/\/woblink.com\/blog\/sladami-zbrodni-ze-znak-crime\/#article\",\"isPartOf\":{\"@id\":\"https:\/\/woblink.com\/blog\/sladami-zbrodni-ze-znak-crime\/\"},\"author\":{\"name\":\"Redakcja Woblinka\",\"@id\":\"https:\/\/woblink.com\/blog\/#\/schema\/person\/8ab6b79d64fa54209272130c4c3b1e95\"},\"headline\":\"\u015aladami zbrodni ze Znak Crime\",\"datePublished\":\"2022-12-22T13:10:45+00:00\",\"dateModified\":\"2023-03-07T16:02:06+00:00\",\"mainEntityOfPage\":{\"@id\":\"https:\/\/woblink.com\/blog\/sladami-zbrodni-ze-znak-crime\/\"},\"wordCount\":1292,\"publisher\":{\"@id\":\"https:\/\/woblink.com\/blog\/#organization\"},\"keywords\":[\"audiobook\",\"ebook\",\"Znak Crime\"],\"articleSection\":[\"Aktualno\u015bci\",\"Rynek wydawniczy\"],\"inLanguage\":\"pl-PL\"},{\"@type\":\"WebPage\",\"@id\":\"https:\/\/woblink.com\/blog\/sladami-zbrodni-ze-znak-crime\/\",\"url\":\"https:\/\/woblink.com\/blog\/sladami-zbrodni-ze-znak-crime\/\",\"name\":\"Znak Crime: powie\u015bci kryminalne i thrillery - Woblink\",\"isPartOf\":{\"@id\":\"https:\/\/woblink.com\/blog\/#website\"},\"datePublished\":\"2022-12-22T13:10:45+00:00\",\"dateModified\":\"2023-03-07T16:02:06+00:00\",\"description\":\"Jeden z topowych polskich wydawc\u00f3w wystartowa\u0142 z now\u0105 mark\u0105: Znak Crime. Przeczytaj o poszerzonej ofercie literatury kryminalnej wydawnictwa!\",\"breadcrumb\":{\"@id\":\"https:\/\/woblink.com\/blog\/sladami-zbrodni-ze-znak-crime\/#breadcrumb\"},\"inLanguage\":\"pl-PL\",\"potentialAction\":[{\"@type\":\"ReadAction\",\"target\":[\"https:\/\/woblink.com\/blog\/sladami-zbrodni-ze-znak-crime\/\"]}]},{\"@type\":\"BreadcrumbList\",\"@id\":\"https:\/\/woblink.com\/blog\/sladami-zbrodni-ze-znak-crime\/#breadcrumb\",\"itemListElement\":[{\"@type\":\"ListItem\",\"position\":1,\"name\":\"Strona g\u0142\u00f3wna\",\"item\":\"https:\/\/woblink.com\/blog\/\"},{\"@type\":\"ListItem\",\"position\":2,\"name\":\"\u015aladami zbrodni ze Znak Crime\"}]},{\"@type\":\"WebSite\",\"@id\":\"https:\/\/woblink.com\/blog\/#website\",\"url\":\"https:\/\/woblink.com\/blog\/\",\"name\":\"Woblink\",\"description\":\"najlepszy firmowy blog o ksi\u0105\u017ckach\",\"publisher\":{\"@id\":\"https:\/\/woblink.com\/blog\/#organization\"},\"potentialAction\":[{\"@type\":\"SearchAction\",\"target\":{\"@type\":\"EntryPoint\",\"urlTemplate\":\"https:\/\/woblink.com\/blog\/?s={search_term_string}\"},\"query-input\":\"required name=search_term_string\"}],\"inLanguage\":\"pl-PL\"},{\"@type\":\"Organization\",\"@id\":\"https:\/\/woblink.com\/blog\/#organization\",\"name\":\"Woblink\",\"url\":\"https:\/\/woblink.com\/blog\/\",\"logo\":{\"@type\":\"ImageObject\",\"inLanguage\":\"pl-PL\",\"@id\":\"https:\/\/woblink.com\/blog\/#\/schema\/logo\/image\/\",\"url\":\"https:\/\/i0.wp.com\/woblink.com\/blog\/wp-content\/uploads\/2019\/04\/nw_logoB.png?fit=185%2C42&ssl=1\",\"contentUrl\":\"https:\/\/i0.wp.com\/woblink.com\/blog\/wp-content\/uploads\/2019\/04\/nw_logoB.png?fit=185%2C42&ssl=1\",\"width\":185,\"height\":42,\"caption\":\"Woblink\"},\"image\":{\"@id\":\"https:\/\/woblink.com\/blog\/#\/schema\/logo\/image\/\"},\"sameAs\":[\"https:\/\/facebook.com\/woblink\",\"https:\/\/twitter.com\/woblink_com\",\"https:\/\/www.instagram.com\/woblink_com\",\"https:\/\/www.linkedin.com\/company\/woblink\/\"]},{\"@type\":\"Person\",\"@id\":\"https:\/\/woblink.com\/blog\/#\/schema\/person\/8ab6b79d64fa54209272130c4c3b1e95\",\"name\":\"Redakcja Woblinka\",\"image\":{\"@type\":\"ImageObject\",\"inLanguage\":\"pl-PL\",\"@id\":\"https:\/\/woblink.com\/blog\/#\/schema\/person\/image\/\",\"url\":\"https:\/\/secure.gravatar.com\/avatar\/f23ae80a7c9da060bee5f8310913478b?s=96&d=mm&r=g\",\"contentUrl\":\"https:\/\/secure.gravatar.com\/avatar\/f23ae80a7c9da060bee5f8310913478b?s=96&d=mm&r=g\",\"caption\":\"Redakcja Woblinka\"},\"url\":\"https:\/\/woblink.com\/blog\/author\/krasny\/\"}]}<\/script>\n<!-- \/ Yoast SEO plugin. -->","yoast_head_json":{"title":"Znak Crime: powie\u015bci kryminalne i thrillery - Woblink","description":"Jeden z topowych polskich wydawc\u00f3w wystartowa\u0142 z now\u0105 mark\u0105: Znak Crime. Przeczytaj o poszerzonej ofercie literatury kryminalnej wydawnictwa!","robots":{"index":"index","follow":"follow","max-snippet":"max-snippet:-1","max-image-preview":"max-image-preview:large","max-video-preview":"max-video-preview:-1"},"canonical":"https:\/\/woblink.com\/blog\/sladami-zbrodni-ze-znak-crime\/","og_locale":"pl_PL","og_type":"article","og_title":"Znak Crime: powie\u015bci kryminalne i thrillery - Woblink","og_description":"Jeden z topowych polskich wydawc\u00f3w wystartowa\u0142 z now\u0105 mark\u0105: Znak Crime. Przeczytaj o poszerzonej ofercie literatury kryminalnej wydawnictwa!","og_url":"https:\/\/woblink.com\/blog\/sladami-zbrodni-ze-znak-crime\/","og_site_name":"Woblink","article_publisher":"https:\/\/facebook.com\/woblink","article_published_time":"2022-12-22T13:10:45+00:00","article_modified_time":"2023-03-07T16:02:06+00:00","og_image":[{"width":1011,"height":690,"url":"https:\/\/i0.wp.com\/woblink.com\/blog\/wp-content\/uploads\/blog_\u2013_2.jpg?fit=1011%2C690&ssl=1","type":"image\/jpeg"}],"author":"Redakcja Woblinka","twitter_card":"summary_large_image","twitter_creator":"@woblink_com","twitter_site":"@woblink_com","twitter_misc":{"Napisane przez":"Redakcja Woblinka","Szacowany czas czytania":"6 minut"},"schema":{"@context":"https:\/\/schema.org","@graph":[{"@type":"Article","@id":"https:\/\/woblink.com\/blog\/sladami-zbrodni-ze-znak-crime\/#article","isPartOf":{"@id":"https:\/\/woblink.com\/blog\/sladami-zbrodni-ze-znak-crime\/"},"author":{"name":"Redakcja Woblinka","@id":"https:\/\/woblink.com\/blog\/#\/schema\/person\/8ab6b79d64fa54209272130c4c3b1e95"},"headline":"\u015aladami zbrodni ze Znak Crime","datePublished":"2022-12-22T13:10:45+00:00","dateModified":"2023-03-07T16:02:06+00:00","mainEntityOfPage":{"@id":"https:\/\/woblink.com\/blog\/sladami-zbrodni-ze-znak-crime\/"},"wordCount":1292,"publisher":{"@id":"https:\/\/woblink.com\/blog\/#organization"},"keywords":["audiobook","ebook","Znak Crime"],"articleSection":["Aktualno\u015bci","Rynek wydawniczy"],"inLanguage":"pl-PL"},{"@type":"WebPage","@id":"https:\/\/woblink.com\/blog\/sladami-zbrodni-ze-znak-crime\/","url":"https:\/\/woblink.com\/blog\/sladami-zbrodni-ze-znak-crime\/","name":"Znak Crime: powie\u015bci kryminalne i thrillery - Woblink","isPartOf":{"@id":"https:\/\/woblink.com\/blog\/#website"},"datePublished":"2022-12-22T13:10:45+00:00","dateModified":"2023-03-07T16:02:06+00:00","description":"Jeden z topowych polskich wydawc\u00f3w wystartowa\u0142 z now\u0105 mark\u0105: Znak Crime. Przeczytaj o poszerzonej ofercie literatury kryminalnej wydawnictwa!","breadcrumb":{"@id":"https:\/\/woblink.com\/blog\/sladami-zbrodni-ze-znak-crime\/#breadcrumb"},"inLanguage":"pl-PL","potentialAction":[{"@type":"ReadAction","target":["https:\/\/woblink.com\/blog\/sladami-zbrodni-ze-znak-crime\/"]}]},{"@type":"BreadcrumbList","@id":"https:\/\/woblink.com\/blog\/sladami-zbrodni-ze-znak-crime\/#breadcrumb","itemListElement":[{"@type":"ListItem","position":1,"name":"Strona g\u0142\u00f3wna","item":"https:\/\/woblink.com\/blog\/"},{"@type":"ListItem","position":2,"name":"\u015aladami zbrodni ze Znak Crime"}]},{"@type":"WebSite","@id":"https:\/\/woblink.com\/blog\/#website","url":"https:\/\/woblink.com\/blog\/","name":"Woblink","description":"najlepszy firmowy blog o ksi\u0105\u017ckach","publisher":{"@id":"https:\/\/woblink.com\/blog\/#organization"},"potentialAction":[{"@type":"SearchAction","target":{"@type":"EntryPoint","urlTemplate":"https:\/\/woblink.com\/blog\/?s={search_term_string}"},"query-input":"required name=search_term_string"}],"inLanguage":"pl-PL"},{"@type":"Organization","@id":"https:\/\/woblink.com\/blog\/#organization","name":"Woblink","url":"https:\/\/woblink.com\/blog\/","logo":{"@type":"ImageObject","inLanguage":"pl-PL","@id":"https:\/\/woblink.com\/blog\/#\/schema\/logo\/image\/","url":"https:\/\/i0.wp.com\/woblink.com\/blog\/wp-content\/uploads\/2019\/04\/nw_logoB.png?fit=185%2C42&ssl=1","contentUrl":"https:\/\/i0.wp.com\/woblink.com\/blog\/wp-content\/uploads\/2019\/04\/nw_logoB.png?fit=185%2C42&ssl=1","width":185,"height":42,"caption":"Woblink"},"image":{"@id":"https:\/\/woblink.com\/blog\/#\/schema\/logo\/image\/"},"sameAs":["https:\/\/facebook.com\/woblink","https:\/\/twitter.com\/woblink_com","https:\/\/www.instagram.com\/woblink_com","https:\/\/www.linkedin.com\/company\/woblink\/"]},{"@type":"Person","@id":"https:\/\/woblink.com\/blog\/#\/schema\/person\/8ab6b79d64fa54209272130c4c3b1e95","name":"Redakcja Woblinka","image":{"@type":"ImageObject","inLanguage":"pl-PL","@id":"https:\/\/woblink.com\/blog\/#\/schema\/person\/image\/","url":"https:\/\/secure.gravatar.com\/avatar\/f23ae80a7c9da060bee5f8310913478b?s=96&d=mm&r=g","contentUrl":"https:\/\/secure.gravatar.com\/avatar\/f23ae80a7c9da060bee5f8310913478b?s=96&d=mm&r=g","caption":"Redakcja Woblinka"},"url":"https:\/\/woblink.com\/blog\/author\/krasny\/"}]}},"jetpack_featured_media_url":"https:\/\/i0.wp.com\/woblink.com\/blog\/wp-content\/uploads\/blog_\u2013_2.jpg?fit=1011%2C690&ssl=1","_links":{"self":[{"href":"https:\/\/woblink.com\/blog\/wp-json\/wp\/v2\/posts\/9352"}],"collection":[{"href":"https:\/\/woblink.com\/blog\/wp-json\/wp\/v2\/posts"}],"about":[{"href":"https:\/\/woblink.com\/blog\/wp-json\/wp\/v2\/types\/post"}],"author":[{"embeddable":true,"href":"https:\/\/woblink.com\/blog\/wp-json\/wp\/v2\/users\/7"}],"replies":[{"embeddable":true,"href":"https:\/\/woblink.com\/blog\/wp-json\/wp\/v2\/comments?post=9352"}],"version-history":[{"count":13,"href":"https:\/\/woblink.com\/blog\/wp-json\/wp\/v2\/posts\/9352\/revisions"}],"predecessor-version":[{"id":9955,"href":"https:\/\/woblink.com\/blog\/wp-json\/wp\/v2\/posts\/9352\/revisions\/9955"}],"wp:featuredmedia":[{"embeddable":true,"href":"https:\/\/woblink.com\/blog\/wp-json\/wp\/v2\/media\/9381"}],"wp:attachment":[{"href":"https:\/\/woblink.com\/blog\/wp-json\/wp\/v2\/media?parent=9352"}],"wp:term":[{"taxonomy":"category","embeddable":true,"href":"https:\/\/woblink.com\/blog\/wp-json\/wp\/v2\/categories?post=9352"},{"taxonomy":"post_tag","embeddable":true,"href":"https:\/\/woblink.com\/blog\/wp-json\/wp\/v2\/tags?post=9352"}],"curies":[{"name":"wp","href":"https:\/\/api.w.org\/{rel}","templated":true}]}}