{"id":9890,"date":"2023-03-01T14:40:31","date_gmt":"2023-03-01T13:40:31","guid":{"rendered":"https:\/\/woblink.com\/blog\/?p=9890"},"modified":"2023-03-07T17:14:19","modified_gmt":"2023-03-07T16:14:19","slug":"bestsellery-lutego-2023-audiobooki","status":"publish","type":"post","link":"https:\/\/woblink.com\/blog\/bestsellery-lutego-2023-audiobooki\/","title":{"rendered":"Bestsellery lutego 2023 \u2013 audiobooki"},"content":{"rendered":"<p>Emilia D\u0142u\u017cewska, Waldemar Cicho\u0144 i Robert Galbraith \u2013 ksi\u0105\u017cki tej autorki i autor\u00f3w, w formie audiobook\u00f3w, kupowali\u015bcie najcz\u0119\u015bciej w drugim miesi\u0105cu 2023 roku. W pierwszej dziesi\u0105tce bestseller\u00f3w lutego znajdziecie nowo\u015bci, ale r\u00f3wnie\u017c pozycje, kt\u00f3re od dawna podbijaj\u0105 Wasze serca i nie znikaj\u0105 z list najch\u0119tniej kupowanych audiobook\u00f3w. Najwi\u0119ksz\u0105 popularno\u015bci\u0105 cieszy\u0142y si\u0119 krymina\u0142y, literatura pi\u0119kna oraz literatura faktu. Oto <strong>ranking najlepszych <\/strong><strong>audiobook\u00f3w &#8211; bestsellery lutego 2023<\/strong>.<\/p>\n<p><!--more--><\/p>\n<h2>Audiobooki &#8211; bestsellery lutego 2023<\/h2>\n<p>&nbsp;<\/p>\n<h2>I miejsce: Jak p\u0142aka\u0107 w miejscach publicznych <b>\u2013 Emilia D\u0142u\u017cewska, Wydawnictwo Znak<\/b><\/h2>\n<figure id=\"attachment_9901\" aria-describedby=\"caption-attachment-9901\" style=\"width: 300px\" class=\"wp-caption alignright\"><a href=\"https:\/\/woblink.com\/audiobook\/jak-plakac-w-miejscach-publicznych-emilia-dluzewska-272641\"><img decoding=\"async\" loading=\"lazy\" class=\"wp-image-9901 size-medium\" src=\"https:\/\/i0.wp.com\/woblink.com\/blog\/wp-content\/uploads\/63e4efac4a2cd.jpeg?resize=300%2C300&#038;ssl=1\" alt=\"Jak p\u0142aka\u0107 w miejscach publicznych - Emilia D\u0142u\u017cewska\" width=\"300\" height=\"300\" srcset=\"https:\/\/i0.wp.com\/woblink.com\/blog\/wp-content\/uploads\/63e4efac4a2cd.jpeg?resize=300%2C300&amp;ssl=1 300w, https:\/\/i0.wp.com\/woblink.com\/blog\/wp-content\/uploads\/63e4efac4a2cd.jpeg?resize=150%2C150&amp;ssl=1 150w, https:\/\/i0.wp.com\/woblink.com\/blog\/wp-content\/uploads\/63e4efac4a2cd.jpeg?resize=100%2C100&amp;ssl=1 100w, https:\/\/i0.wp.com\/woblink.com\/blog\/wp-content\/uploads\/63e4efac4a2cd.jpeg?w=570&amp;ssl=1 570w\" sizes=\"(max-width: 300px) 100vw, 300px\" data-recalc-dims=\"1\" \/><\/a><figcaption id=\"caption-attachment-9901\" class=\"wp-caption-text\"><center><b>Kup <a href=\"https:\/\/woblink.com\/audiobook\/jak-plakac-w-miejscach-publicznych-emilia-dluzewska-272641\">audiobooka <i>Jak p\u0142aka\u0107 w miejscach publicznych<\/i><\/a> na Woblink.com<\/b><\/center><\/figcaption><\/figure>\n<p align=\"justify\">Na pierwszym miejscu naszej listy \u201e<strong>audiobooki &#8211; bestsellery lutego 2023<\/strong>\u201d plasuje si\u0119 nowo\u015b\u0107 Wydawnictwa Znak, czyli \u201e<a href=\"https:\/\/woblink.com\/audiobook\/jak-plakac-w-miejscach-publicznych-emilia-dluzewska-272641\">Jak p\u0142aka\u0107 w miejscach publicznych<\/a>\u201d Emilii D\u0142u\u017cewskiej. <em>To poruszaj\u0105ca ksi\u0105\u017cka na temat zdrowia psychicznego, kt\u00f3r\u0105 ka\u017cdy z nas powinien przeczyta\u0107.<\/em><\/p>\n<p align=\"justify\">Czy dziwi was, \u017ce s\u0142ynni komicy cz\u0119sto choruj\u0105 na depresj\u0119? Emilia D\u0142u\u017cewska pisze, \u017ce j\u0105 dziwi raczej, \u017ce nie wszyscy ludzie z depresj\u0105 zostaj\u0105 komikami. <em>Nauczyli\u015bmy si\u0119 bowiem doprowadza\u0107 ludzi do atak\u00f3w \u015bmiechu opowiadaniem o toksycznych bliskich i przebytych traumach; ostro\u017cnie kalibrujemy \u017carty, by nie przekroczy\u0107 granicy, po kt\u00f3rej \u015bmiech zmienia si\u0119 w lito\u015b\u0107.<\/em> A potem latami \u0107wiczymy ten program: w szkole, pracy, barach, poci\u0105gach i cudzych \u0142\u00f3\u017ckach.<\/p>\n<p align=\"justify\">To nie jest ksi\u0105\u017cka o tym, \u017ce dostajecie od \u017cycia cytryny i robicie z nich lemoniad\u0119. Bli\u017cej jej do historii mojego kolegi, kt\u00f3rego rzadka i nieuleczalna choroba stopniowo pozbawia\u0142a w\u0142adzy nad cia\u0142em, w tym strunami g\u0142osowymi. Gdy si\u0119 poznali\u015bmy, m\u00f3g\u0142 ju\u017c tylko szepta\u0107. \u201ePowiedzia\u0142em rodzicom, \u017ce \u017c\u0105dam adwokata \u2013 napisa\u0142 kiedy\u015b. Zrozumieli \u00bbawokado\u00ab i przynie\u015bli mi mango\u201d.<\/p>\n<p>&nbsp;<\/p>\n<h2><\/h2>\n<h2>II miejsce: Cukierku, ty \u0142obuzie! <b>\u2013 Waldemar Cicho\u0144, Wydawnictwo Aleksandria<\/b><\/h2>\n<figure id=\"attachment_9895\" aria-describedby=\"caption-attachment-9895\" style=\"width: 300px\" class=\"wp-caption alignleft\"><a href=\"https:\/\/woblink.com\/audiobook\/cukierku-ty-lobuzie-waldemar-cichon-186242\"><img decoding=\"async\" loading=\"lazy\" class=\"wp-image-9895 size-medium\" src=\"https:\/\/i0.wp.com\/woblink.com\/blog\/wp-content\/uploads\/5ea19bd491e78-1.jpeg?resize=300%2C268&#038;ssl=1\" alt=\"Cukierku, ty \u0142obuzie! - Waldemar Cicho\u0144\" width=\"300\" height=\"268\" srcset=\"https:\/\/i0.wp.com\/woblink.com\/blog\/wp-content\/uploads\/5ea19bd491e78-1.jpeg?resize=300%2C268&amp;ssl=1 300w, https:\/\/i0.wp.com\/woblink.com\/blog\/wp-content\/uploads\/5ea19bd491e78-1.jpeg?w=570&amp;ssl=1 570w\" sizes=\"(max-width: 300px) 100vw, 300px\" data-recalc-dims=\"1\" \/><\/a><figcaption id=\"caption-attachment-9895\" class=\"wp-caption-text\"><center><b>Kup <a href=\"https:\/\/woblink.com\/audiobook\/cukierku-ty-lobuzie-waldemar-cichon-186242\">audiobooka <i>Cukierku, ty \u0142obuzie!<\/i><\/a> na Woblink.com<\/b><\/center><\/figcaption><\/figure>\n<p align=\"justify\">Na drugim miejscu\u00a0<strong>najlepszych audiobook\u00f3w lutego 2023<\/strong>\u00a0znajdziemy pierwsz\u0105 cz\u0119\u015b\u0107 niezwykle popularnego cyklu, czyli \u201e<a href=\"https:\/\/woblink.com\/audiobook\/cukierku-ty-lobuzie-waldemar-cichon-186242\">Cukierku, ty \u0142obuzie!<\/a>\u201d Waldemara Cichonia. <em>Audiobook od wielu miesi\u0119cy nie schodzi z list najch\u0119tniej kupowanych tytu\u0142\u00f3w!<\/em> Weso\u0142y i sprytny kotek wywraca \u017cycie rodziny Marcela do g\u00f3ry nogami. Poznajcie Cukierka-ma\u0142ego, pr\u0119gowanego dachowca, s\u0142odkiego i uroczego. Wszyscy go kochaj\u0105, cho\u0107 czasem przysparza k\u0142opot\u00f3w i niekt\u00f3rych doprowadza tym do szale\u0144stwa.<\/p>\n<p align=\"justify\">Wszystko zaczyna si\u0119 niewinnie. <em>Pewnego dnia Marcel i jego rodzice przygarniaj\u0105 kotka. Spo\u015br\u00f3d ca\u0142ego rodze\u0144stwa Marcel wybiera najwi\u0119kszego psotnika. Przyje\u017cd\u017caj\u0105 do domu i \u2026 rozpoczyna si\u0119 prawdziwa kocia komedia!<\/em> Cukierek ucieka z domu, dzielnie walczy ze szczotk\u0105, zostaje bohaterem literackim, jedzie na trening hokeja, symuluje chorob\u0119, pokonuje w nier\u00f3wnej walce sweter z angory i dekoruje choink\u0119. Na koniec zostaje wbrew swojej woli pasa\u017cerem zdalnie sterowanej ci\u0119\u017car\u00f3wki. Rzadko zdarza si\u0119 tak pe\u0142na pozytywnego humoru lektura szkolna kt\u00f3r\u0105 uwielbiaj\u0105 dzieci i doro\u015bli.<\/p>\n<p>&nbsp;<\/p>\n<h2><\/h2>\n<h2>III miejsce: Serce jak smo\u0142a. Cz\u0119\u015b\u0107 1 <b>\u2013 Robert Galbraith, t\u0142um. Anna Gralak, Wydawnictwo Dolno\u015bl\u0105skie<\/b><\/h2>\n<figure id=\"attachment_9899\" aria-describedby=\"caption-attachment-9899\" style=\"width: 300px\" class=\"wp-caption alignright\"><a href=\"https:\/\/woblink.com\/audiobook\/serce-jak-smola-czesc-1-j-k-rowling-robert-galbraith-271074\"><img decoding=\"async\" loading=\"lazy\" class=\"wp-image-9899 size-medium\" src=\"https:\/\/i0.wp.com\/woblink.com\/blog\/wp-content\/uploads\/63e240eee9080.jpeg?resize=300%2C300&#038;ssl=1\" alt=\"Serce jak smo\u0142a - Robert Galbraith\" width=\"300\" height=\"300\" srcset=\"https:\/\/i0.wp.com\/woblink.com\/blog\/wp-content\/uploads\/63e240eee9080.jpeg?resize=300%2C300&amp;ssl=1 300w, https:\/\/i0.wp.com\/woblink.com\/blog\/wp-content\/uploads\/63e240eee9080.jpeg?resize=150%2C150&amp;ssl=1 150w, https:\/\/i0.wp.com\/woblink.com\/blog\/wp-content\/uploads\/63e240eee9080.jpeg?resize=100%2C100&amp;ssl=1 100w, https:\/\/i0.wp.com\/woblink.com\/blog\/wp-content\/uploads\/63e240eee9080.jpeg?w=570&amp;ssl=1 570w\" sizes=\"(max-width: 300px) 100vw, 300px\" data-recalc-dims=\"1\" \/><\/a><figcaption id=\"caption-attachment-9899\" class=\"wp-caption-text\"><center><b>Kup <a href=\"https:\/\/woblink.com\/audiobook\/serce-jak-smola-czesc-1-j-k-rowling-robert-galbraith-271074\">audiobooka <i>Serce jak smo\u0142a<\/i><\/a> na Woblink.com<\/b><\/center><\/figcaption><\/figure>\n<p align=\"justify\">Na si\u00f3dmym miejscu <strong>rankingu audiobook\u00f3w lutego 2023 <\/strong>plasuje si\u0119 najnowsza cz\u0119\u015b\u0107 <a href=\"https:\/\/woblink.com\/seria\/cormoran-strike\">serii z Cormoranem Strikem<\/a>, czyli \u201e<a href=\"https:\/\/woblink.com\/audiobook\/serce-jak-smola-czesc-1-j-k-rowling-robert-galbraith-271074\">Serce jak smo\u0142a<\/a>\u201d. Seria ta jest pisana przez J. K. Rowling pod literackim pseudonimem Robert Galbraith.<\/p>\n<p align=\"justify\">W agencji detektywistycznej Cormorana Strike\u2019a i Robin Ellacott zjawia si\u0119 roztrz\u0119siona m\u0142oda kobieta i b\u0142aga o rozmow\u0119. To Edie Ledwell, wsp\u00f3\u0142tw\u00f3rczyni popularnej kresk\u00f3wki Serce jak smo\u0142a. Od lat prze\u015bladuje j\u0105 w Internecie osoba pos\u0142uguj\u0105ca si\u0119 nickiem Anomia. Zdesperowana Edie prosi o ustalenie jej prawdziwej to\u017csamo\u015bci, jednak Robin z kilku powod\u00f3w odmawia przyj\u0119cia sprawy.<\/p>\n<p align=\"justify\">Jaki\u015b czas p\u00f3\u017aniej na cmentarzu Highgate, gdzie rozgrywa si\u0119 akcja kresk\u00f3wki, zostaje pope\u0142niona wstrz\u0105saj\u0105ca zbrodnia. Poruszeni ni\u0105 Robin i Cormoran przyjmuj\u0105 zlecenie schwytania mordercy. <em>Para detektyw\u00f3w musi zmierzy\u0107 si\u0119 z wirtualn\u0105 rzeczywisto\u015bci\u0105 i wnikn\u0105\u0107 w skomplikowan\u0105 sie\u0107 nick\u00f3w, sprzecznych interes\u00f3w i nabrzmia\u0142ych konflikt\u00f3w.<\/em> Jednocze\u015bnie zar\u00f3wno Robin, jak i Cormoran nieudolnie pr\u00f3buj\u0105 pouk\u0142ada\u0107 swoje \u017cycie osobiste.<\/p>\n<p>&nbsp;<\/p>\n<h2><\/h2>\n<h2>IV miejsce: Limes inferior <b>\u2013 Janusz A. Zajdel, Wydawnictwo Aleksandria<\/b><\/h2>\n<figure id=\"attachment_9892\" aria-describedby=\"caption-attachment-9892\" style=\"width: 300px\" class=\"wp-caption alignleft\"><a href=\"https:\/\/woblink.com\/audiobook\/limes-inferior-janusz-a-zajdel-28309\"><img decoding=\"async\" loading=\"lazy\" class=\"wp-image-9892 size-medium\" src=\"https:\/\/i0.wp.com\/woblink.com\/blog\/wp-content\/uploads\/63cfe10b78528.jpg?resize=300%2C300&#038;ssl=1\" alt=\"Limes inferior - Janusz A. Zajdel\" width=\"300\" height=\"300\" srcset=\"https:\/\/i0.wp.com\/woblink.com\/blog\/wp-content\/uploads\/63cfe10b78528.jpg?resize=300%2C300&amp;ssl=1 300w, https:\/\/i0.wp.com\/woblink.com\/blog\/wp-content\/uploads\/63cfe10b78528.jpg?resize=150%2C150&amp;ssl=1 150w, https:\/\/i0.wp.com\/woblink.com\/blog\/wp-content\/uploads\/63cfe10b78528.jpg?resize=100%2C100&amp;ssl=1 100w, https:\/\/i0.wp.com\/woblink.com\/blog\/wp-content\/uploads\/63cfe10b78528.jpg?w=570&amp;ssl=1 570w\" sizes=\"(max-width: 300px) 100vw, 300px\" data-recalc-dims=\"1\" \/><\/a><figcaption id=\"caption-attachment-9892\" class=\"wp-caption-text\"><center><b>Kup <a href=\"https:\/\/woblink.com\/audiobook\/limes-inferior-janusz-a-zajdel-28309\">audiobooka <i>Limes inferior<\/i><\/a> na Woblink.com<\/b><\/center><\/figcaption><\/figure>\n<p align=\"justify\">Czwarte miejsce na li\u015bcie <strong>audiobook\u00f3w &#8211; bestseller\u00f3w lutego 2023<\/strong> zajmuje Janusz A. Zajdel ze swoim audiobookiem <em>\u201e<a href=\"https:\/\/woblink.com\/audiobook\/limes-inferior-janusz-a-zajdel-28309?szukaj=limes+inferior&amp;gdzie=audiobooks\">Limes inferior<\/a>\u201d. To powie\u015b\u0107 uznana przez Stanis\u0142awa Lema za najoryginalniejsz\u0105 powie\u015b\u0107 SF jak\u0105 czyta\u0142. <\/em><\/p>\n<p align=\"justify\">Opisany tu Argoland to perfidnie doskonale zorganizowany \u015bwiat komputerowego porz\u0105dku. Siedem klas intelektualnej przydatno\u015bci obywateli. Manipulacja, porz\u0105dek wykluczaj\u0105cy wolno\u015b\u0107 i automatyzacja czyni\u0105ca obywatela zb\u0119dnym. Chory system generuje r\u00f3\u017cnej ma\u015bci kombinator\u00f3w i bystrzak\u00f3w pr\u00f3buj\u0105cych przechytrzy\u0107 codzienno\u015b\u0107. Z tego te\u017c \u015bwiatka wywodzi si\u0119 Sneer, g\u0142\u00f3wna posta\u0107 tej fantastycznie nowatorskiej na polskim gruncie powie\u015bci i gotowego scenariusza filmowego. Inteligentny kanciarz ma szans\u0119 rozpracowa\u0107 \u00f3w system tak nonsensowny i nierealny, \u017ce wydawa\u0142oby si\u0119 narzucony przez obc\u0105 cywilizacj\u0119\u2026<\/p>\n<p>&nbsp;<\/p>\n<h2>V miejsce: Kabalista <b>\u2013 Remigiusz Mr\u00f3z, Wydawnictwo Filia<\/b><\/h2>\n<figure id=\"attachment_9900\" aria-describedby=\"caption-attachment-9900\" style=\"width: 300px\" class=\"wp-caption alignright\"><a href=\"https:\/\/woblink.com\/audiobook\/kabalista-remigiusz-mroz-271690\"><img decoding=\"async\" loading=\"lazy\" class=\"wp-image-9900 size-medium\" src=\"https:\/\/i0.wp.com\/woblink.com\/blog\/wp-content\/uploads\/63e20c23a3899.jpeg?resize=300%2C300&#038;ssl=1\" alt=\"Kabalista - Remigiusz Mr\u00f3z\" width=\"300\" height=\"300\" srcset=\"https:\/\/i0.wp.com\/woblink.com\/blog\/wp-content\/uploads\/63e20c23a3899.jpeg?resize=300%2C300&amp;ssl=1 300w, https:\/\/i0.wp.com\/woblink.com\/blog\/wp-content\/uploads\/63e20c23a3899.jpeg?resize=150%2C150&amp;ssl=1 150w, https:\/\/i0.wp.com\/woblink.com\/blog\/wp-content\/uploads\/63e20c23a3899.jpeg?resize=100%2C100&amp;ssl=1 100w, https:\/\/i0.wp.com\/woblink.com\/blog\/wp-content\/uploads\/63e20c23a3899.jpeg?w=570&amp;ssl=1 570w\" sizes=\"(max-width: 300px) 100vw, 300px\" data-recalc-dims=\"1\" \/><\/a><figcaption id=\"caption-attachment-9900\" class=\"wp-caption-text\"><center><b>Kup <a href=\"https:\/\/woblink.com\/audiobook\/kabalista-remigiusz-mroz-271690\">audiobooka <i>Kabalista<\/i><\/a> na Woblink.com<\/b><\/center><\/figcaption><\/figure>\n<p align=\"justify\">Na pi\u0105tym miejscu listy\u00a0<strong>audiobook\u00f3w z lutego 2023<\/strong>\u00a0pojawia si\u0119 najnowsza ksi\u0105\u017cka Remigiusza Mroza, czyli <em>powr\u00f3t do bestsellerowej <a href=\"https:\/\/woblink.com\/seria\/gerard-edling\">serii z Gerardem Edlingiem<\/a> w \u201e<a href=\"https:\/\/woblink.com\/audiobook\/kabalista-remigiusz-mroz-271690\">Kabali\u015bcie<\/a>\u201d. <\/em>Tym razem behawiorysta b\u0119dzie musia\u0142 zmierzy\u0107 si\u0119 z najgorszym koszmarem!<\/p>\n<p align=\"justify\">P\u00f3\u0142tora roku po tym, jak Ma\u0142gorzata Rosa wyjecha\u0142a do Warszawy, szefostwo stacji telewizyjnej chce, by dziennikarka wr\u00f3ci\u0142a do rodzinnego miasta. Ma przygotowa\u0107 materia\u0142 na temat ofiary gwa\u0142tu, kt\u00f3rej opolska prokuratura odm\u00f3wi\u0142a pomocy.<\/p>\n<p align=\"justify\">Zeznania dziewczyny zosta\u0142y uznane za niewiarygodne, sprawcy nigdy nie zacz\u0119to szuka\u0107, a \u015bledztwa nie wszcz\u0119to. Kiedy Rosa zjawia si\u0119 na miejscu, orientuje si\u0119, \u017ce w Opolu panuje zmowa milczenia. Nie ma innego wyj\u015bcia, ni\u017c zwr\u00f3ci\u0107 si\u0119 do jedynej osoby w prokuraturze, kt\u00f3rej ufa. Gerard Edling zosta\u0142 jednak odsuni\u0119ty na boczny tor przez now\u0105 szefow\u0105 i nie jest w stanie zaoferowa\u0107 pomocy. Dziennikarce udziela jej niespodziewanie lokalny jasnowidz, od lat odnajduj\u0105cy zaginione lub martwe osoby, zwany Kabalist\u0105 z Chabr\u00f3w.<\/p>\n<p>&nbsp;<\/p>\n<h2><\/h2>\n<h2>VI miejsce: Kwantechizm 2.0, czyli klatka na ludzi <b>\u2013 Andrzej Dragan, Wydawnictwo Otwarte<\/b><\/h2>\n<figure id=\"attachment_9902\" aria-describedby=\"caption-attachment-9902\" style=\"width: 300px\" class=\"wp-caption alignleft\"><a href=\"https:\/\/woblink.com\/audiobook\/kwantechizm-2-0-czyli-klatka-na-ludzi-andrzej-dragan-242451\"><img decoding=\"async\" loading=\"lazy\" class=\"wp-image-9902 size-medium\" src=\"https:\/\/i0.wp.com\/woblink.com\/blog\/wp-content\/uploads\/621cbe7232df4-2.jpeg?resize=300%2C300&#038;ssl=1\" alt=\"Kwantechizm 2.0, czyli klatka na ludzi - Andrzej Dragan\" width=\"300\" height=\"300\" srcset=\"https:\/\/i0.wp.com\/woblink.com\/blog\/wp-content\/uploads\/621cbe7232df4-2.jpeg?resize=300%2C300&amp;ssl=1 300w, https:\/\/i0.wp.com\/woblink.com\/blog\/wp-content\/uploads\/621cbe7232df4-2.jpeg?resize=150%2C150&amp;ssl=1 150w, https:\/\/i0.wp.com\/woblink.com\/blog\/wp-content\/uploads\/621cbe7232df4-2.jpeg?resize=100%2C100&amp;ssl=1 100w, https:\/\/i0.wp.com\/woblink.com\/blog\/wp-content\/uploads\/621cbe7232df4-2.jpeg?w=570&amp;ssl=1 570w\" sizes=\"(max-width: 300px) 100vw, 300px\" data-recalc-dims=\"1\" \/><\/a><figcaption id=\"caption-attachment-9902\" class=\"wp-caption-text\"><center><b>Kup <a href=\"https:\/\/woblink.com\/audiobook\/kwantechizm-2-0-czyli-klatka-na-ludzi-andrzej-dragan-242451\">audiobooka <i>Kwantechizm 2.0, czyli klatka na ludzi<\/i><\/a> na Woblink.com<\/b><\/center><\/figcaption><\/figure>\n<p align=\"justify\">Na sz\u00f3stym miejscu naszego zestawienia\u00a0<strong>najlepszych audiobook\u00f3w z lutego 2023<\/strong>\u00a0znalaz\u0142a si\u0119 ksi\u0105\u017cka Andrzeja Dragana, \u201e<a href=\"https:\/\/woblink.com\/audiobook\/kwantechizm-2-0-czyli-klatka-na-ludzi-andrzej-dragan-242451\">Kwantechizm 2.0, czyli klatka na ludzi<\/a>\u201d. <em>Wyobra\u017cenia o wszech\u015bwiecie formu\u0142owane od wiek\u00f3w okazuj\u0105 si\u0119 zbiorem przybli\u017ce\u0144 lub nonsens\u00f3w.<\/em>\u00a0M\u00f3wienie z pewno\u015bci\u0105 o czymkolwiek jest wi\u0119c, zdaniem Dragana, nie tylko bezczelno\u015bci\u0105, ale \u2013 co gorsza \u2013 nietaktem. Coraz lepiej poznajemy prawa rz\u0105dz\u0105ce rzeczywisto\u015bci\u0105, a wizja \u015bwiata, kt\u00f3ra zaczyna si\u0119 rysowa\u0107, jest dog\u0142\u0119bnie szokuj\u0105ca.<\/p>\n<p align=\"justify\">By j\u0105 przybli\u017cy\u0107,\u00a0<em>autor \u201eKwantechizmu\u201d w jasny i klarowny spos\u00f3b wyja\u015bnia niezwyk\u0142e wnioski wynikaj\u0105ce z prze\u0142omowych teorii Einsteina oraz najbardziej zaskakuj\u0105ce prawa mechaniki kwantowej.\u00a0<\/em>Przedstawia r\u00f3wnie\u017c w\u0142asny, nowy i rewolucyjny model \u0142\u0105cz\u0105cy je ze sob\u0105. T\u0142umaczy tak\u017ce dlaczego kury bez ustanku poruszaj\u0105 g\u0142owami, mr\u00f3wki nie galopuj\u0105, a dinozaury nie narzeka\u0142yby na d\u0142ugo\u015b\u0107 doby.<\/p>\n<p>&nbsp;<\/p>\n<h2><\/h2>\n<h2>VII miejsce: Katedra <b>\u2013 Jacek Dukaj, Wydawnictwo Literackie<\/b><\/h2>\n<figure id=\"attachment_9894\" aria-describedby=\"caption-attachment-9894\" style=\"width: 300px\" class=\"wp-caption alignright\"><a href=\"https:\/\/woblink.com\/audiobook\/katedra-jacek-dukaj-181179\"><img decoding=\"async\" loading=\"lazy\" class=\"wp-image-9894 size-medium\" src=\"https:\/\/i0.wp.com\/woblink.com\/blog\/wp-content\/uploads\/63ecdc3d6a8ca.jpeg?resize=300%2C300&#038;ssl=1\" alt=\"Katedra - Jacek Dukaj\" width=\"300\" height=\"300\" srcset=\"https:\/\/i0.wp.com\/woblink.com\/blog\/wp-content\/uploads\/63ecdc3d6a8ca.jpeg?resize=300%2C300&amp;ssl=1 300w, https:\/\/i0.wp.com\/woblink.com\/blog\/wp-content\/uploads\/63ecdc3d6a8ca.jpeg?resize=150%2C150&amp;ssl=1 150w, https:\/\/i0.wp.com\/woblink.com\/blog\/wp-content\/uploads\/63ecdc3d6a8ca.jpeg?resize=100%2C100&amp;ssl=1 100w, https:\/\/i0.wp.com\/woblink.com\/blog\/wp-content\/uploads\/63ecdc3d6a8ca.jpeg?w=570&amp;ssl=1 570w\" sizes=\"(max-width: 300px) 100vw, 300px\" data-recalc-dims=\"1\" \/><\/a><figcaption id=\"caption-attachment-9894\" class=\"wp-caption-text\"><center><b>Kup <a href=\"https:\/\/woblink.com\/audiobook\/katedra-jacek-dukaj-181179\">audiobooka <i>Katedra<\/i><\/a> na Woblink.com<\/b><\/center><\/figcaption><\/figure>\n<p align=\"justify\">Na si\u00f3dmym miejscu naszego <strong>rankingu audiobook\u00f3w w lutym 2023<\/strong> roku znalaz\u0142a si\u0119 \u201e<a href=\"https:\/\/woblink.com\/audiobook\/katedra-jacek-dukaj-181179\">Katedra<\/a>\u201d Jacka Dukaja<em>.<\/em> Pisarz od lat zachwyca fan\u00f3w fantastyki i science-fiction, wi\u0119c jego obecno\u015b\u0107 na listach bestseller\u00f3w jest jak najbardziej uzasadniona!<\/p>\n<p align=\"justify\">Planetoidy w uk\u0142adzie gwiazdy L\u00e9vie. Wypadek zmusza holownik \u201eSagittarius\u201d do schronienia si\u0119 na jednej z nich. Zapas\u00f3w tlenu nie starczy jednak dla wszystkich. Izmir Pred\u00fa po\u015bwi\u0119ca si\u0119, by reszta za\u0142ogi holownika prze\u017cy\u0142a. Do jego grobu na zimnej, pozbawionej atmosfery planetoidzie ci\u0105gn\u0105 pielgrzymki. Czy naprawd\u0119 zdarzaj\u0105 si\u0119 tam cudowne uzdrowienia? Jeden z ozdrowie\u0144c\u00f3w funduje na grobie Izmira Katedr\u0119. Katedry si\u0119 nie buduje, lecz sadzi; Katedra ro\u015bnie, dojrzewa, rozkwita.<\/p>\n<p align=\"justify\"><em>Co\u015b lub kto\u015b wp\u0142ywa na kod \u017cywokrystu Katedry i trajektori\u0119 roju planetoid.<\/em> Wys\u0142any na Izmiraidy ksi\u0105dz Pierre Lavone ma rozstrzygn\u0105\u0107 kwesti\u0119 \u015bwi\u0119to\u015bci i cud\u00f3w Izmira Pred\u00fa oraz odkry\u0107 tajemnic\u0119 Izmiraid \u2013 zanim planetoidy razem z Katedr\u0105 przepadn\u0105 na wieczno\u015b\u0107 w pustce mi\u0119dzygwiezdnej.<\/p>\n<p>&nbsp;<\/p>\n<h2>VIII miejsce: Cz\u0142owiek w poszukiwaniu sensu <b>\u2013 Victor E. Frankl, t\u0142um. Aleksandra Wolnicka, Wydawnictwo Czarna Owca<\/b><\/h2>\n<figure id=\"attachment_9893\" aria-describedby=\"caption-attachment-9893\" style=\"width: 300px\" class=\"wp-caption alignleft\"><a href=\"https:\/\/woblink.com\/audiobook\/czlowiek-w-poszukiwaniu-sensu-viktor-e-frankl-146478\"><img decoding=\"async\" loading=\"lazy\" class=\"wp-image-9893 size-medium\" src=\"https:\/\/i0.wp.com\/woblink.com\/blog\/wp-content\/uploads\/63ec9f904d410.jpeg?resize=300%2C267&#038;ssl=1\" alt=\"Cz\u0142owiek w poszukiwaniu sensu - Viktor E. Frankl\" width=\"300\" height=\"267\" srcset=\"https:\/\/i0.wp.com\/woblink.com\/blog\/wp-content\/uploads\/63ec9f904d410.jpeg?resize=300%2C267&amp;ssl=1 300w, https:\/\/i0.wp.com\/woblink.com\/blog\/wp-content\/uploads\/63ec9f904d410.jpeg?w=570&amp;ssl=1 570w\" sizes=\"(max-width: 300px) 100vw, 300px\" data-recalc-dims=\"1\" \/><\/a><figcaption id=\"caption-attachment-9893\" class=\"wp-caption-text\"><center><b>Kup <a href=\"https:\/\/woblink.com\/audiobook\/czlowiek-w-poszukiwaniu-sensu-viktor-e-frankl-146478\">audiobooka <i>Cz\u0142owiek w poszukiwaniu sensu<\/i><\/a> na Woblink.com<\/b><\/center><\/figcaption><\/figure>\n<p align=\"justify\">Na \u00f3smym miejscu naszego zestawienia \u201ebestsellery lutego 2023\u201d uplasowa\u0142 si\u0119 Victor E. Frankl ze swoj\u0105 ksi\u0105\u017ck\u0105 \u201e<a href=\"https:\/\/woblink.com\/audiobook\/czlowiek-w-poszukiwaniu-sensu-viktor-e-frankl-146478\">Cz\u0142owiek w poszukiwaniu sensu. G\u0142os nadziei z otch\u0142ani Holokaustu<\/a>\u201d. Audiobook nie schodzi z list najch\u0119tniej przez Was czytanych ksi\u0105\u017cek, wi\u0119c nic dziwnego, \u017ce pojawia si\u0119 r\u00f3wnie\u017c u nas!<\/p>\n<p align=\"justify\"><em>\u201e<a href=\"https:\/\/woblink.com\/audiobook\/czlowiek-w-poszukiwaniu-sensu-viktor-e-frankl-146478\">Cz\u0142owiek w poszukiwaniu sensu. G\u0142os nadziei z otch\u0142ani Holokaustu<\/a>\u201d Viktora E. Frankla to jedna z najbardziej wp\u0142ywowych ksi\u0105\u017cek w literaturze psychiatrycznej od czasu Freuda.<\/em> Zaczyna si\u0119 od d\u0142ugiego, suchego i g\u0142\u0119boko poruszaj\u0105cego osobistego eseju o pi\u0119cioletnim pobycie Frankla w Auschwitz i innych obozach koncentracyjnych i jego wysi\u0142kach w tym czasie, by znale\u017a\u0107 powody do \u017cycia.<\/p>\n<p align=\"justify\">Druga cz\u0119\u015b\u0107 ksi\u0105\u017cki opisuje metody psychoterapeutyczne, kt\u00f3re Frankl opracowa\u0142 jako pierwszy na bazie swoich do\u015bwiadcze\u0144 z oboz\u00f3w. Freud uwa\u017ca\u0142, \u017ce \u017cyciem cz\u0142owieka rz\u0105dzi pop\u0119d seksualny i pokusy. Frankl z kolei wierzy, \u017ce najg\u0142\u0119bszym pop\u0119dem cz\u0142owieka jest poszukiwanie sensu i celu. Logoterapia Frankla zatem bardziej przystaje do zachodnich religii ni\u017c freudeowskiej psychoterapii.<\/p>\n<p>&nbsp;<\/p>\n<h2>IX miejsce: Pokot <b>\u2013 Piotr Ko\u015bcielny, Wydawnictwo Skarpa Warszawska<\/b><\/h2>\n<figure id=\"attachment_9898\" aria-describedby=\"caption-attachment-9898\" style=\"width: 300px\" class=\"wp-caption alignright\"><a href=\"https:\/\/woblink.com\/audiobook\/pokot-piotr-koscielny-271014\"><img decoding=\"async\" loading=\"lazy\" class=\"wp-image-9898 size-medium\" src=\"https:\/\/i0.wp.com\/woblink.com\/blog\/wp-content\/uploads\/63ce4dc651046.jpeg?resize=300%2C300&#038;ssl=1\" alt=\"Pokot - Piotr Ko\u015bcielny\" width=\"300\" height=\"300\" srcset=\"https:\/\/i0.wp.com\/woblink.com\/blog\/wp-content\/uploads\/63ce4dc651046.jpeg?resize=300%2C300&amp;ssl=1 300w, https:\/\/i0.wp.com\/woblink.com\/blog\/wp-content\/uploads\/63ce4dc651046.jpeg?resize=150%2C150&amp;ssl=1 150w, https:\/\/i0.wp.com\/woblink.com\/blog\/wp-content\/uploads\/63ce4dc651046.jpeg?resize=100%2C100&amp;ssl=1 100w, https:\/\/i0.wp.com\/woblink.com\/blog\/wp-content\/uploads\/63ce4dc651046.jpeg?w=570&amp;ssl=1 570w\" sizes=\"(max-width: 300px) 100vw, 300px\" data-recalc-dims=\"1\" \/><\/a><figcaption id=\"caption-attachment-9898\" class=\"wp-caption-text\"><center><b>Kup <a href=\"https:\/\/woblink.com\/audiobook\/pokot-piotr-koscielny-271014\">audiobooka <i>Pokot<\/i><\/a> na Woblink.com<\/b><\/center><\/figcaption><\/figure>\n<p align=\"justify\">Na przedostatnim miejscu znajdziemy trzeci, najnowszy tom <a href=\"https:\/\/woblink.com\/seria\/komisarz-sikora\">serii z Komisarzem Sikor\u0105<\/a> autorstwa Piotra Ko\u015bcielnego, czyli \u201e<a href=\"https:\/\/woblink.com\/audiobook\/pokot-piotr-koscielny-271014\">Pokot<\/a>\u201d. <em>Pisarz jest obecnie jednym z najch\u0119tniej i najcz\u0119\u015bciej czytanych polskich pisarzy kryminalnych!<\/em><\/p>\n<p align=\"justify\"><em>We Wroc\u0142awiu grasuje kolejny seryjny zab\u00f3jca. Tym razem za cel bierze dzieci.<\/em> \u015aledczy staraj\u0105 si\u0119 z\u0142apa\u0107 sprawc\u0119, zanim w mie\u015bcie wybuchnie panika, a media zn\u00f3w znajd\u0105 po\u017cywk\u0119. Dla Sikory jest to najtrudniejsze \u015bledztwo w karierze, na kt\u00f3re rzutuj\u0105 jego prywatne problemy. Gdy w ko\u0144cu udaje si\u0119 ustali\u0107 kim jest morderca, wysoko postawione osoby staraj\u0105 si\u0119 zatai\u0107 ten fakt przed opini\u0105 publiczn\u0105. Zaczyna si\u0119 walka z czasem, bo morderca planuje kolejne zbrodnie. Jakimi motywami kieruje si\u0119 nieuchwytny zab\u00f3jca? Czy komu\u015b zale\u017cy, aby prawda nie wysz\u0142a na jaw? Jak prywatne spawy Sikory i Bieleckiego splot\u0105 si\u0119 z ich zawodowymi wyzwaniami? <em>Piotr Ko\u015bcielny \u2013 ulubieniec czytelnik\u00f3w \u2013 powraca z kolejnym wielow\u0105tkowym thrillerem i bohaterami, kt\u00f3rzy skrywaj\u0105 niejedn\u0105 mroczn\u0105 tajemnic\u0119.<\/em><\/p>\n<p>&nbsp;<\/p>\n<h2>X miejsce: Banda z Burej. Tajemnica fa\u0142szywego Miko\u0142aja <b>\u2013 Magdalena Witkiewicz, Wydawnictwo Skarpa Warszawska<\/b><\/h2>\n<figure id=\"attachment_9897\" aria-describedby=\"caption-attachment-9897\" style=\"width: 300px\" class=\"wp-caption alignleft\"><a href=\"https:\/\/woblink.com\/audiobook\/banda-z-burej-tajemnica-falszywego-mikolaja-magdalena-witkiewicz-197578\"><img decoding=\"async\" loading=\"lazy\" class=\"wp-image-9897 size-medium\" src=\"https:\/\/i0.wp.com\/woblink.com\/blog\/wp-content\/uploads\/5f918aea15fca.png?resize=300%2C300&#038;ssl=1\" alt=\"Banda z Burej. Tajemnica fa\u0142szywego Miko\u0142aja - Magdalena Witkiewicz\" width=\"300\" height=\"300\" srcset=\"https:\/\/i0.wp.com\/woblink.com\/blog\/wp-content\/uploads\/5f918aea15fca.png?resize=300%2C300&amp;ssl=1 300w, https:\/\/i0.wp.com\/woblink.com\/blog\/wp-content\/uploads\/5f918aea15fca.png?resize=150%2C150&amp;ssl=1 150w, https:\/\/i0.wp.com\/woblink.com\/blog\/wp-content\/uploads\/5f918aea15fca.png?resize=100%2C100&amp;ssl=1 100w, https:\/\/i0.wp.com\/woblink.com\/blog\/wp-content\/uploads\/5f918aea15fca.png?w=570&amp;ssl=1 570w\" sizes=\"(max-width: 300px) 100vw, 300px\" data-recalc-dims=\"1\" \/><\/a><figcaption id=\"caption-attachment-9897\" class=\"wp-caption-text\"><center><b>Kup <a href=\"https:\/\/woblink.com\/audiobook\/banda-z-burej-tajemnica-falszywego-mikolaja-magdalena-witkiewicz-1975788\">audiobooka <i>Banda z Burej. Tajemnica fa\u0142szywego Miko\u0142aja<\/i><\/a> na Woblink.com<\/b><\/center><\/figcaption><\/figure>\n<p align=\"justify\">Na ostatnim miejscu naszej audiobookowej listy \u201e<strong>audiobooki &#8211; bestsellery lutego 2023<\/strong>\u201d znajdziemy drugi tom popularnej serii Banda z Burej, czyli \u201e<a href=\"https:\/\/woblink.com\/audiobook\/banda-z-burej-tajemnica-falszywego-mikolaja-magdalena-witkiewicz-197578\">Tajemnica fa\u0142szywego Miko\u0142aja<\/a>\u201d. <em>Tytu\u0142 podbija serca najm\u0142odszych czytelnik\u00f3w w ca\u0142ej Polsce, a ca\u0142y cykl Magdaleny Witkiewicz cieszy si\u0119 niezwyk\u0142ym zainteresowaniem.<\/em><\/p>\n<p align=\"justify\">Gdy pierwsze p\u0142atki \u015bniegu przykryj\u0105 miasteczko, a zapach piernik\u00f3w rozniesie si\u0119 po okolicy, banda z Burej b\u0119dzie musia\u0142a rozwik\u0142a\u0107 now\u0105 zagadk\u0119! Zbli\u017ca si\u0119 Bo\u017ce Narodzenie, a rezolutna grupa dzieciak\u00f3w zn\u00f3w ma r\u0119ce pe\u0142ne roboty. Kto\u015b pozbywa si\u0119 starych ksi\u0105\u017cek, dom babci Jasi grozi zawaleniem, a w okolicy pojawia si\u0119 a\u017c dziesi\u0119ciu \u015awi\u0119tych Miko\u0142aj\u00f3w! Banda z Burej szuka, dopytuje i przepytuje, by odkry\u0107 tajemnic\u0119 skryt\u0105 mi\u0119dzy stronami porzuconych encyklopedii i tomik\u00f3w wierszy. Gdzie skrywa si\u0119 prawda? I czy \u017ali ludzie mog\u0105 by\u0107 tak naprawd\u0119 tymi dobrymi?<\/p>\n<p align=\"justify\"><em>\u201eBanda z Burej. Tajemnica fa\u0142szywego Miko\u0142aja\u201d to zabawna i pouczaj\u0105ca historia o tym, \u017ce je\u015bli bardzo mocno si\u0119 postaramy, to wszystkie marzenia si\u0119 spe\u0142niaj\u0105!<\/em><\/p>\n<p>&nbsp;<\/p>\n<p>&nbsp;<\/p>\n<h2 style=\"text-align: center;\">Ranking audiobook\u00f3w 2022<\/h2>\n<p align=\"justify\">Wi\u0119cej bestsellerowych\u00a0<a href=\"https:\/\/woblink.com\/katalog\/audiobooki\">audiobook\u00f3w<\/a>\u00a0znajdziecie\u00a0<a href=\"https:\/\/woblink.com\/bestsellery?type=audiobook\">TUTAJ<\/a>. A je\u015bli interesuje was ten temat, sprawd\u017acie <a href=\"https:\/\/woblink.com\/blog\/najlepsze-audiobooki-top-10-roku-2022\/\">zesz\u0142oroczny ranking najlepszych audiobook\u00f3w<\/a> i przeczytajcie koniecznie nasz artyku\u0142 pt. <a href=\"https:\/\/woblink.com\/blog\/10-powodow-by-wybrac-audiobooka-zamiast-ksiazki-papierowej\/\">10 powod\u00f3w, by wybra\u0107 audiobooka zamiast ksi\u0105\u017cki papierowej.<\/a> W wolnej chwili mo\u017cecie tak\u017ce si\u0119gn\u0105\u0107 do nieco dalszej przesz\u0142o\u015bci i sprawdzi\u0107 <a href=\"https:\/\/woblink.com\/blog\/najlepsze-audiobooki-top-10-audiobookow-2020-roku\/\">top 10 audiobook\u00f3w 2020 roku<\/a>.<\/p>\n","protected":false},"excerpt":{"rendered":"<p>Emilia D\u0142u\u017cewska, Waldemar Cicho\u0144 i Robert Galbraith \u2013 ksi\u0105\u017cki tej autorki i autor\u00f3w, w formie audiobook\u00f3w, kupowali\u015bcie najcz\u0119\u015bciej w drugim miesi\u0105cu 2023 roku. W pierwszej dziesi\u0105tce bestseller\u00f3w lutego znajdziecie nowo\u015bci, ale r\u00f3wnie\u017c pozycje, kt\u00f3re od dawna podbijaj\u0105 Wasze serca i nie znikaj\u0105 z list najch\u0119tniej&#8230;<\/p>\n","protected":false},"author":7,"featured_media":9891,"comment_status":"closed","ping_status":"open","sticky":false,"template":"","format":"standard","meta":[],"categories":[97,81],"tags":[149,151,150,115],"yoast_head":"<!-- This site is optimized with the Yoast SEO plugin v20.11 - https:\/\/yoast.com\/wordpress\/plugins\/seo\/ -->\n<title>Ranking najlepszych audiobook\u00f3w: bestsellery lutego 2023 - Woblink<\/title>\n<meta name=\"description\" content=\"Najwi\u0119ksz\u0105 popularno\u015bci\u0105 cieszy\u0142y si\u0119 krymina\u0142y, literatura pi\u0119kna oraz literatura faktu. Koniecznie sprawd\u017a audiobookowe bestsellery lutego 2023!\" \/>\n<meta name=\"robots\" content=\"index, follow, max-snippet:-1, max-image-preview:large, max-video-preview:-1\" \/>\n<link rel=\"canonical\" href=\"https:\/\/woblink.com\/blog\/bestsellery-lutego-2023-audiobooki\/\" \/>\n<meta property=\"og:locale\" content=\"pl_PL\" \/>\n<meta property=\"og:type\" content=\"article\" \/>\n<meta property=\"og:title\" content=\"Ranking najlepszych audiobook\u00f3w: bestsellery lutego 2023 - Woblink\" \/>\n<meta property=\"og:description\" content=\"Najwi\u0119ksz\u0105 popularno\u015bci\u0105 cieszy\u0142y si\u0119 krymina\u0142y, literatura pi\u0119kna oraz literatura faktu. Koniecznie sprawd\u017a audiobookowe bestsellery lutego 2023!\" \/>\n<meta property=\"og:url\" content=\"https:\/\/woblink.com\/blog\/bestsellery-lutego-2023-audiobooki\/\" \/>\n<meta property=\"og:site_name\" content=\"Woblink\" \/>\n<meta property=\"article:publisher\" content=\"https:\/\/facebook.com\/woblink\" \/>\n<meta property=\"article:published_time\" content=\"2023-03-01T13:40:31+00:00\" \/>\n<meta property=\"article:modified_time\" content=\"2023-03-07T16:14:19+00:00\" \/>\n<meta property=\"og:image\" content=\"https:\/\/i0.wp.com\/woblink.com\/blog\/wp-content\/uploads\/top10_\u2013_1.jpg?fit=1011%2C690&ssl=1\" \/>\n\t<meta property=\"og:image:width\" content=\"1011\" \/>\n\t<meta property=\"og:image:height\" content=\"690\" \/>\n\t<meta property=\"og:image:type\" content=\"image\/jpeg\" \/>\n<meta name=\"author\" content=\"Redakcja Woblinka\" \/>\n<meta name=\"twitter:card\" content=\"summary_large_image\" \/>\n<meta name=\"twitter:creator\" content=\"@woblink_com\" \/>\n<meta name=\"twitter:site\" content=\"@woblink_com\" \/>\n<meta name=\"twitter:label1\" content=\"Napisane przez\" \/>\n\t<meta name=\"twitter:data1\" content=\"Redakcja Woblinka\" \/>\n\t<meta name=\"twitter:label2\" content=\"Szacowany czas czytania\" \/>\n\t<meta name=\"twitter:data2\" content=\"10 minut\" \/>\n<script type=\"application\/ld+json\" class=\"yoast-schema-graph\">{\"@context\":\"https:\/\/schema.org\",\"@graph\":[{\"@type\":\"Article\",\"@id\":\"https:\/\/woblink.com\/blog\/bestsellery-lutego-2023-audiobooki\/#article\",\"isPartOf\":{\"@id\":\"https:\/\/woblink.com\/blog\/bestsellery-lutego-2023-audiobooki\/\"},\"author\":{\"name\":\"Redakcja Woblinka\",\"@id\":\"https:\/\/woblink.com\/blog\/#\/schema\/person\/8ab6b79d64fa54209272130c4c3b1e95\"},\"headline\":\"Bestsellery lutego 2023 \u2013 audiobooki\",\"datePublished\":\"2023-03-01T13:40:31+00:00\",\"dateModified\":\"2023-03-07T16:14:19+00:00\",\"mainEntityOfPage\":{\"@id\":\"https:\/\/woblink.com\/blog\/bestsellery-lutego-2023-audiobooki\/\"},\"wordCount\":2080,\"publisher\":{\"@id\":\"https:\/\/woblink.com\/blog\/#organization\"},\"keywords\":[\"audiobooki\",\"bestsellery\",\"ranking audiobook\u00f3w\",\"top 10 audiobook\u00f3w\"],\"articleSection\":[\"Audiobooki\",\"Rankingi ksi\u0105\u017cek\"],\"inLanguage\":\"pl-PL\"},{\"@type\":\"WebPage\",\"@id\":\"https:\/\/woblink.com\/blog\/bestsellery-lutego-2023-audiobooki\/\",\"url\":\"https:\/\/woblink.com\/blog\/bestsellery-lutego-2023-audiobooki\/\",\"name\":\"Ranking najlepszych audiobook\u00f3w: bestsellery lutego 2023 - Woblink\",\"isPartOf\":{\"@id\":\"https:\/\/woblink.com\/blog\/#website\"},\"datePublished\":\"2023-03-01T13:40:31+00:00\",\"dateModified\":\"2023-03-07T16:14:19+00:00\",\"description\":\"Najwi\u0119ksz\u0105 popularno\u015bci\u0105 cieszy\u0142y si\u0119 krymina\u0142y, literatura pi\u0119kna oraz literatura faktu. Koniecznie sprawd\u017a audiobookowe bestsellery lutego 2023!\",\"breadcrumb\":{\"@id\":\"https:\/\/woblink.com\/blog\/bestsellery-lutego-2023-audiobooki\/#breadcrumb\"},\"inLanguage\":\"pl-PL\",\"potentialAction\":[{\"@type\":\"ReadAction\",\"target\":[\"https:\/\/woblink.com\/blog\/bestsellery-lutego-2023-audiobooki\/\"]}]},{\"@type\":\"BreadcrumbList\",\"@id\":\"https:\/\/woblink.com\/blog\/bestsellery-lutego-2023-audiobooki\/#breadcrumb\",\"itemListElement\":[{\"@type\":\"ListItem\",\"position\":1,\"name\":\"Strona g\u0142\u00f3wna\",\"item\":\"https:\/\/woblink.com\/blog\/\"},{\"@type\":\"ListItem\",\"position\":2,\"name\":\"Bestsellery lutego 2023 \u2013 audiobooki\"}]},{\"@type\":\"WebSite\",\"@id\":\"https:\/\/woblink.com\/blog\/#website\",\"url\":\"https:\/\/woblink.com\/blog\/\",\"name\":\"Woblink\",\"description\":\"najlepszy firmowy blog o ksi\u0105\u017ckach\",\"publisher\":{\"@id\":\"https:\/\/woblink.com\/blog\/#organization\"},\"potentialAction\":[{\"@type\":\"SearchAction\",\"target\":{\"@type\":\"EntryPoint\",\"urlTemplate\":\"https:\/\/woblink.com\/blog\/?s={search_term_string}\"},\"query-input\":\"required name=search_term_string\"}],\"inLanguage\":\"pl-PL\"},{\"@type\":\"Organization\",\"@id\":\"https:\/\/woblink.com\/blog\/#organization\",\"name\":\"Woblink\",\"url\":\"https:\/\/woblink.com\/blog\/\",\"logo\":{\"@type\":\"ImageObject\",\"inLanguage\":\"pl-PL\",\"@id\":\"https:\/\/woblink.com\/blog\/#\/schema\/logo\/image\/\",\"url\":\"https:\/\/i0.wp.com\/woblink.com\/blog\/wp-content\/uploads\/2019\/04\/nw_logoB.png?fit=185%2C42&ssl=1\",\"contentUrl\":\"https:\/\/i0.wp.com\/woblink.com\/blog\/wp-content\/uploads\/2019\/04\/nw_logoB.png?fit=185%2C42&ssl=1\",\"width\":185,\"height\":42,\"caption\":\"Woblink\"},\"image\":{\"@id\":\"https:\/\/woblink.com\/blog\/#\/schema\/logo\/image\/\"},\"sameAs\":[\"https:\/\/facebook.com\/woblink\",\"https:\/\/twitter.com\/woblink_com\",\"https:\/\/www.instagram.com\/woblink_com\",\"https:\/\/www.linkedin.com\/company\/woblink\/\"]},{\"@type\":\"Person\",\"@id\":\"https:\/\/woblink.com\/blog\/#\/schema\/person\/8ab6b79d64fa54209272130c4c3b1e95\",\"name\":\"Redakcja Woblinka\",\"image\":{\"@type\":\"ImageObject\",\"inLanguage\":\"pl-PL\",\"@id\":\"https:\/\/woblink.com\/blog\/#\/schema\/person\/image\/\",\"url\":\"https:\/\/secure.gravatar.com\/avatar\/f23ae80a7c9da060bee5f8310913478b?s=96&d=mm&r=g\",\"contentUrl\":\"https:\/\/secure.gravatar.com\/avatar\/f23ae80a7c9da060bee5f8310913478b?s=96&d=mm&r=g\",\"caption\":\"Redakcja Woblinka\"},\"url\":\"https:\/\/woblink.com\/blog\/author\/krasny\/\"}]}<\/script>\n<!-- \/ Yoast SEO plugin. -->","yoast_head_json":{"title":"Ranking najlepszych audiobook\u00f3w: bestsellery lutego 2023 - Woblink","description":"Najwi\u0119ksz\u0105 popularno\u015bci\u0105 cieszy\u0142y si\u0119 krymina\u0142y, literatura pi\u0119kna oraz literatura faktu. Koniecznie sprawd\u017a audiobookowe bestsellery lutego 2023!","robots":{"index":"index","follow":"follow","max-snippet":"max-snippet:-1","max-image-preview":"max-image-preview:large","max-video-preview":"max-video-preview:-1"},"canonical":"https:\/\/woblink.com\/blog\/bestsellery-lutego-2023-audiobooki\/","og_locale":"pl_PL","og_type":"article","og_title":"Ranking najlepszych audiobook\u00f3w: bestsellery lutego 2023 - Woblink","og_description":"Najwi\u0119ksz\u0105 popularno\u015bci\u0105 cieszy\u0142y si\u0119 krymina\u0142y, literatura pi\u0119kna oraz literatura faktu. Koniecznie sprawd\u017a audiobookowe bestsellery lutego 2023!","og_url":"https:\/\/woblink.com\/blog\/bestsellery-lutego-2023-audiobooki\/","og_site_name":"Woblink","article_publisher":"https:\/\/facebook.com\/woblink","article_published_time":"2023-03-01T13:40:31+00:00","article_modified_time":"2023-03-07T16:14:19+00:00","og_image":[{"width":1011,"height":690,"url":"https:\/\/i0.wp.com\/woblink.com\/blog\/wp-content\/uploads\/top10_\u2013_1.jpg?fit=1011%2C690&ssl=1","type":"image\/jpeg"}],"author":"Redakcja Woblinka","twitter_card":"summary_large_image","twitter_creator":"@woblink_com","twitter_site":"@woblink_com","twitter_misc":{"Napisane przez":"Redakcja Woblinka","Szacowany czas czytania":"10 minut"},"schema":{"@context":"https:\/\/schema.org","@graph":[{"@type":"Article","@id":"https:\/\/woblink.com\/blog\/bestsellery-lutego-2023-audiobooki\/#article","isPartOf":{"@id":"https:\/\/woblink.com\/blog\/bestsellery-lutego-2023-audiobooki\/"},"author":{"name":"Redakcja Woblinka","@id":"https:\/\/woblink.com\/blog\/#\/schema\/person\/8ab6b79d64fa54209272130c4c3b1e95"},"headline":"Bestsellery lutego 2023 \u2013 audiobooki","datePublished":"2023-03-01T13:40:31+00:00","dateModified":"2023-03-07T16:14:19+00:00","mainEntityOfPage":{"@id":"https:\/\/woblink.com\/blog\/bestsellery-lutego-2023-audiobooki\/"},"wordCount":2080,"publisher":{"@id":"https:\/\/woblink.com\/blog\/#organization"},"keywords":["audiobooki","bestsellery","ranking audiobook\u00f3w","top 10 audiobook\u00f3w"],"articleSection":["Audiobooki","Rankingi ksi\u0105\u017cek"],"inLanguage":"pl-PL"},{"@type":"WebPage","@id":"https:\/\/woblink.com\/blog\/bestsellery-lutego-2023-audiobooki\/","url":"https:\/\/woblink.com\/blog\/bestsellery-lutego-2023-audiobooki\/","name":"Ranking najlepszych audiobook\u00f3w: bestsellery lutego 2023 - Woblink","isPartOf":{"@id":"https:\/\/woblink.com\/blog\/#website"},"datePublished":"2023-03-01T13:40:31+00:00","dateModified":"2023-03-07T16:14:19+00:00","description":"Najwi\u0119ksz\u0105 popularno\u015bci\u0105 cieszy\u0142y si\u0119 krymina\u0142y, literatura pi\u0119kna oraz literatura faktu. Koniecznie sprawd\u017a audiobookowe bestsellery lutego 2023!","breadcrumb":{"@id":"https:\/\/woblink.com\/blog\/bestsellery-lutego-2023-audiobooki\/#breadcrumb"},"inLanguage":"pl-PL","potentialAction":[{"@type":"ReadAction","target":["https:\/\/woblink.com\/blog\/bestsellery-lutego-2023-audiobooki\/"]}]},{"@type":"BreadcrumbList","@id":"https:\/\/woblink.com\/blog\/bestsellery-lutego-2023-audiobooki\/#breadcrumb","itemListElement":[{"@type":"ListItem","position":1,"name":"Strona g\u0142\u00f3wna","item":"https:\/\/woblink.com\/blog\/"},{"@type":"ListItem","position":2,"name":"Bestsellery lutego 2023 \u2013 audiobooki"}]},{"@type":"WebSite","@id":"https:\/\/woblink.com\/blog\/#website","url":"https:\/\/woblink.com\/blog\/","name":"Woblink","description":"najlepszy firmowy blog o ksi\u0105\u017ckach","publisher":{"@id":"https:\/\/woblink.com\/blog\/#organization"},"potentialAction":[{"@type":"SearchAction","target":{"@type":"EntryPoint","urlTemplate":"https:\/\/woblink.com\/blog\/?s={search_term_string}"},"query-input":"required name=search_term_string"}],"inLanguage":"pl-PL"},{"@type":"Organization","@id":"https:\/\/woblink.com\/blog\/#organization","name":"Woblink","url":"https:\/\/woblink.com\/blog\/","logo":{"@type":"ImageObject","inLanguage":"pl-PL","@id":"https:\/\/woblink.com\/blog\/#\/schema\/logo\/image\/","url":"https:\/\/i0.wp.com\/woblink.com\/blog\/wp-content\/uploads\/2019\/04\/nw_logoB.png?fit=185%2C42&ssl=1","contentUrl":"https:\/\/i0.wp.com\/woblink.com\/blog\/wp-content\/uploads\/2019\/04\/nw_logoB.png?fit=185%2C42&ssl=1","width":185,"height":42,"caption":"Woblink"},"image":{"@id":"https:\/\/woblink.com\/blog\/#\/schema\/logo\/image\/"},"sameAs":["https:\/\/facebook.com\/woblink","https:\/\/twitter.com\/woblink_com","https:\/\/www.instagram.com\/woblink_com","https:\/\/www.linkedin.com\/company\/woblink\/"]},{"@type":"Person","@id":"https:\/\/woblink.com\/blog\/#\/schema\/person\/8ab6b79d64fa54209272130c4c3b1e95","name":"Redakcja Woblinka","image":{"@type":"ImageObject","inLanguage":"pl-PL","@id":"https:\/\/woblink.com\/blog\/#\/schema\/person\/image\/","url":"https:\/\/secure.gravatar.com\/avatar\/f23ae80a7c9da060bee5f8310913478b?s=96&d=mm&r=g","contentUrl":"https:\/\/secure.gravatar.com\/avatar\/f23ae80a7c9da060bee5f8310913478b?s=96&d=mm&r=g","caption":"Redakcja Woblinka"},"url":"https:\/\/woblink.com\/blog\/author\/krasny\/"}]}},"jetpack_featured_media_url":"https:\/\/i0.wp.com\/woblink.com\/blog\/wp-content\/uploads\/top10_\u2013_1.jpg?fit=1011%2C690&ssl=1","_links":{"self":[{"href":"https:\/\/woblink.com\/blog\/wp-json\/wp\/v2\/posts\/9890"}],"collection":[{"href":"https:\/\/woblink.com\/blog\/wp-json\/wp\/v2\/posts"}],"about":[{"href":"https:\/\/woblink.com\/blog\/wp-json\/wp\/v2\/types\/post"}],"author":[{"embeddable":true,"href":"https:\/\/woblink.com\/blog\/wp-json\/wp\/v2\/users\/7"}],"replies":[{"embeddable":true,"href":"https:\/\/woblink.com\/blog\/wp-json\/wp\/v2\/comments?post=9890"}],"version-history":[{"count":18,"href":"https:\/\/woblink.com\/blog\/wp-json\/wp\/v2\/posts\/9890\/revisions"}],"predecessor-version":[{"id":9928,"href":"https:\/\/woblink.com\/blog\/wp-json\/wp\/v2\/posts\/9890\/revisions\/9928"}],"wp:featuredmedia":[{"embeddable":true,"href":"https:\/\/woblink.com\/blog\/wp-json\/wp\/v2\/media\/9891"}],"wp:attachment":[{"href":"https:\/\/woblink.com\/blog\/wp-json\/wp\/v2\/media?parent=9890"}],"wp:term":[{"taxonomy":"category","embeddable":true,"href":"https:\/\/woblink.com\/blog\/wp-json\/wp\/v2\/categories?post=9890"},{"taxonomy":"post_tag","embeddable":true,"href":"https:\/\/woblink.com\/blog\/wp-json\/wp\/v2\/tags?post=9890"}],"curies":[{"name":"wp","href":"https:\/\/api.w.org\/{rel}","templated":true}]}}